{"id":327,"date":"2022-10-19T09:03:28","date_gmt":"2022-10-19T08:03:28","guid":{"rendered":"https:\/\/biblioteca.blanes.cat\/dijousdelletresimots\/?p=327"},"modified":"2022-10-19T09:03:29","modified_gmt":"2022-10-19T08:03:29","slug":"la-rambla-fa-baixada-nestor-lujan","status":"publish","type":"post","link":"https:\/\/biblioteca.blanes.cat\/dijousdelletresimots\/la-rambla-fa-baixada-nestor-lujan\/","title":{"rendered":"La rambla fa baixada, N\u00e9stor Luj\u00e1n"},"content":{"rendered":"\n<p>Aquesta novel\u00b7la va ser Premi Narrativa Ramon Llull 1994 i descriu una fam\u00edlia de la burgesia catalana, els Bov\u00e9, entre l\u2019octubre de 1934, quan Companys proclama l\u2019Estat Catal\u00e0, i el juliol de 1936, comen\u00e7ament de la guerra civil. A l\u2019entorn de la figura del patriarca, don Francesc Bov\u00e9, fabricant t\u00e8xtil i home de la Lliga, intel\u00b7ligent, comprensiu i esc\u00e8ptic, coneixem els principals components d\u2019aquest grup familiar, que representen les activitats humanes i pol\u00edtiques m\u00e9s diverses, a m\u00e9s d\u2019altres personatges que es relacionen amb ells i que contribueixen a teixir la trama de les seves vides. Enmig de continuats sobresalts personals i hist\u00f2rics, el pa\u00eds s\u2019encamina cap a la guerra, la qual dispersar\u00e0 els Bov\u00e9, a vegades, almenys en aparen\u00e7a, enfrontant-los entre ells, com un s\u00edmbol de la situaci\u00f3 general, per\u00f2 un cop acabada la contesa les aig\u00fces novament tornaran a mare, tot preparant el que ha de ser el futur que tots desitgen. En aquesta admirable cr\u00f2nica familiar, que se situa en una \u00e8poca tan conflictiva, N\u00e8stor Luj\u00e1n ens d\u00f3na una imatge c\u00e0lida i verista del que van ser, i en bona mesura encara s\u00f3n, uns ambients molt representatius de la societat catalana moderna.<\/p>\n\n\n\n<figure class=\"wp-block-image is-resized\"><img fetchpriority=\"high\" decoding=\"async\" src=\"https:\/\/cloud10.todocoleccion.online\/libros-segunda-mano-literatura\/tc\/2017\/06\/05\/11\/88955516.jpg\" alt=\"la rambla fa baixada - nestor lujan - planeta 1 - Comprar en todocoleccion  - 88955516\" width=\"234\" height=\"369\"\/><\/figure>\n\n\n\n<p>Bona lectura!<\/p>\n","protected":false},"excerpt":{"rendered":"<p>Aquesta novel\u00b7la va ser Premi Narrativa Ramon Llull 1994 i descriu una fam\u00edlia de la burgesia catalana, els Bov\u00e9, entre l\u2019octubre de 1934, quan Companys proclama l\u2019Estat Catal\u00e0, i el juliol de 1936, comen\u00e7ament de la guerra civil. A l\u2019entorn<\/p>\n","protected":false},"author":4,"featured_media":0,"comment_status":"open","ping_status":"open","sticky":false,"template":"","format":"standard","meta":{"sfsi_plus_gutenberg_text_before_share":"","sfsi_plus_gutenberg_show_text_before_share":"","sfsi_plus_gutenberg_icon_type":"","sfsi_plus_gutenberg_icon_alignemt":"","sfsi_plus_gutenburg_max_per_row":"","footnotes":""},"categories":[1],"tags":[],"class_list":["post-327","post","type-post","status-publish","format-standard","hentry","category-general"],"yoast_head":"<!-- This site is optimized with the Yoast SEO plugin v27.5 - https:\/\/yoast.com\/product\/yoast-seo-wordpress\/ -->\n<title>La rambla fa baixada, N\u00e9stor Luj\u00e1n - Dijous de Lletres i Mots<\/title>\n<meta name=\"robots\" content=\"index, follow, max-snippet:-1, max-image-preview:large, max-video-preview:-1\" \/>\n<link rel=\"canonical\" href=\"https:\/\/biblioteca.blanes.cat\/dijousdelletresimots\/la-rambla-fa-baixada-nestor-lujan\/\" \/>\n<meta property=\"og:locale\" content=\"ca_ES\" \/>\n<meta property=\"og:type\" content=\"article\" \/>\n<meta property=\"og:title\" content=\"La rambla fa baixada, N\u00e9stor Luj\u00e1n - Dijous de Lletres i Mots\" \/>\n<meta property=\"og:description\" content=\"Aquesta novel\u00b7la va ser Premi Narrativa Ramon Llull 1994 i descriu una fam\u00edlia de la burgesia catalana, els Bov\u00e9, entre l\u2019octubre de 1934, quan Companys proclama l\u2019Estat Catal\u00e0, i el juliol de 1936, comen\u00e7ament de la guerra civil. A l\u2019entorn\" \/>\n<meta property=\"og:url\" content=\"https:\/\/biblioteca.blanes.cat\/dijousdelletresimots\/la-rambla-fa-baixada-nestor-lujan\/\" \/>\n<meta property=\"og:site_name\" content=\"Dijous de Lletres i Mots\" \/>\n<meta property=\"article:published_time\" content=\"2022-10-19T08:03:28+00:00\" \/>\n<meta property=\"article:modified_time\" content=\"2022-10-19T08:03:29+00:00\" \/>\n<meta property=\"og:image\" content=\"https:\/\/cloud10.todocoleccion.online\/libros-segunda-mano-literatura\/tc\/2017\/06\/05\/11\/88955516.jpg\" \/>\n<meta name=\"author\" content=\"biblioblanes\" \/>\n<meta name=\"twitter:card\" content=\"summary_large_image\" \/>\n<meta name=\"twitter:creator\" content=\"@biblioblanes\" \/>\n<meta name=\"twitter:label1\" content=\"Escrit per\" \/>\n\t<meta name=\"twitter:data1\" content=\"biblioblanes\" \/>\n\t<meta name=\"twitter:label2\" content=\"Temps estimat de lectura\" \/>\n\t<meta name=\"twitter:data2\" content=\"2 minuts\" \/>\n<script type=\"application\/ld+json\" class=\"yoast-schema-graph\">{\"@context\":\"https:\\\/\\\/schema.org\",\"@graph\":[{\"@type\":\"Article\",\"@id\":\"https:\\\/\\\/biblioteca.blanes.cat\\\/dijousdelletresimots\\\/la-rambla-fa-baixada-nestor-lujan\\\/#article\",\"isPartOf\":{\"@id\":\"https:\\\/\\\/biblioteca.blanes.cat\\\/dijousdelletresimots\\\/la-rambla-fa-baixada-nestor-lujan\\\/\"},\"author\":{\"name\":\"biblioblanes\",\"@id\":\"https:\\\/\\\/biblioteca.blanes.cat\\\/dijousdelletresimots\\\/#\\\/schema\\\/person\\\/5a7b46760d9dd611d098bbf571a341dc\"},\"headline\":\"La rambla fa baixada, N\u00e9stor Luj\u00e1n\",\"datePublished\":\"2022-10-19T08:03:28+00:00\",\"dateModified\":\"2022-10-19T08:03:29+00:00\",\"mainEntityOfPage\":{\"@id\":\"https:\\\/\\\/biblioteca.blanes.cat\\\/dijousdelletresimots\\\/la-rambla-fa-baixada-nestor-lujan\\\/\"},\"wordCount\":227,\"commentCount\":0,\"image\":{\"@id\":\"https:\\\/\\\/biblioteca.blanes.cat\\\/dijousdelletresimots\\\/la-rambla-fa-baixada-nestor-lujan\\\/#primaryimage\"},\"thumbnailUrl\":\"https:\\\/\\\/cloud10.todocoleccion.online\\\/libros-segunda-mano-literatura\\\/tc\\\/2017\\\/06\\\/05\\\/11\\\/88955516.jpg\",\"articleSection\":[\"Trobades\"],\"inLanguage\":\"ca\",\"potentialAction\":[{\"@type\":\"CommentAction\",\"name\":\"Comment\",\"target\":[\"https:\\\/\\\/biblioteca.blanes.cat\\\/dijousdelletresimots\\\/la-rambla-fa-baixada-nestor-lujan\\\/#respond\"]}]},{\"@type\":\"WebPage\",\"@id\":\"https:\\\/\\\/biblioteca.blanes.cat\\\/dijousdelletresimots\\\/la-rambla-fa-baixada-nestor-lujan\\\/\",\"url\":\"https:\\\/\\\/biblioteca.blanes.cat\\\/dijousdelletresimots\\\/la-rambla-fa-baixada-nestor-lujan\\\/\",\"name\":\"La rambla fa baixada, N\u00e9stor Luj\u00e1n - Dijous de Lletres i Mots\",\"isPartOf\":{\"@id\":\"https:\\\/\\\/biblioteca.blanes.cat\\\/dijousdelletresimots\\\/#website\"},\"primaryImageOfPage\":{\"@id\":\"https:\\\/\\\/biblioteca.blanes.cat\\\/dijousdelletresimots\\\/la-rambla-fa-baixada-nestor-lujan\\\/#primaryimage\"},\"image\":{\"@id\":\"https:\\\/\\\/biblioteca.blanes.cat\\\/dijousdelletresimots\\\/la-rambla-fa-baixada-nestor-lujan\\\/#primaryimage\"},\"thumbnailUrl\":\"https:\\\/\\\/cloud10.todocoleccion.online\\\/libros-segunda-mano-literatura\\\/tc\\\/2017\\\/06\\\/05\\\/11\\\/88955516.jpg\",\"datePublished\":\"2022-10-19T08:03:28+00:00\",\"dateModified\":\"2022-10-19T08:03:29+00:00\",\"author\":{\"@id\":\"https:\\\/\\\/biblioteca.blanes.cat\\\/dijousdelletresimots\\\/#\\\/schema\\\/person\\\/5a7b46760d9dd611d098bbf571a341dc\"},\"breadcrumb\":{\"@id\":\"https:\\\/\\\/biblioteca.blanes.cat\\\/dijousdelletresimots\\\/la-rambla-fa-baixada-nestor-lujan\\\/#breadcrumb\"},\"inLanguage\":\"ca\",\"potentialAction\":[{\"@type\":\"ReadAction\",\"target\":[\"https:\\\/\\\/biblioteca.blanes.cat\\\/dijousdelletresimots\\\/la-rambla-fa-baixada-nestor-lujan\\\/\"]}]},{\"@type\":\"ImageObject\",\"inLanguage\":\"ca\",\"@id\":\"https:\\\/\\\/biblioteca.blanes.cat\\\/dijousdelletresimots\\\/la-rambla-fa-baixada-nestor-lujan\\\/#primaryimage\",\"url\":\"https:\\\/\\\/cloud10.todocoleccion.online\\\/libros-segunda-mano-literatura\\\/tc\\\/2017\\\/06\\\/05\\\/11\\\/88955516.jpg\",\"contentUrl\":\"https:\\\/\\\/cloud10.todocoleccion.online\\\/libros-segunda-mano-literatura\\\/tc\\\/2017\\\/06\\\/05\\\/11\\\/88955516.jpg\"},{\"@type\":\"BreadcrumbList\",\"@id\":\"https:\\\/\\\/biblioteca.blanes.cat\\\/dijousdelletresimots\\\/la-rambla-fa-baixada-nestor-lujan\\\/#breadcrumb\",\"itemListElement\":[{\"@type\":\"ListItem\",\"position\":1,\"name\":\"Inici\",\"item\":\"https:\\\/\\\/biblioteca.blanes.cat\\\/dijousdelletresimots\\\/\"},{\"@type\":\"ListItem\",\"position\":2,\"name\":\"La rambla fa baixada, N\u00e9stor Luj\u00e1n\"}]},{\"@type\":\"WebSite\",\"@id\":\"https:\\\/\\\/biblioteca.blanes.cat\\\/dijousdelletresimots\\\/#website\",\"url\":\"https:\\\/\\\/biblioteca.blanes.cat\\\/dijousdelletresimots\\\/\",\"name\":\"Dijous de Lletres i Mots\",\"description\":\"\",\"potentialAction\":[{\"@type\":\"SearchAction\",\"target\":{\"@type\":\"EntryPoint\",\"urlTemplate\":\"https:\\\/\\\/biblioteca.blanes.cat\\\/dijousdelletresimots\\\/?s={search_term_string}\"},\"query-input\":{\"@type\":\"PropertyValueSpecification\",\"valueRequired\":true,\"valueName\":\"search_term_string\"}}],\"inLanguage\":\"ca\"},{\"@type\":\"Person\",\"@id\":\"https:\\\/\\\/biblioteca.blanes.cat\\\/dijousdelletresimots\\\/#\\\/schema\\\/person\\\/5a7b46760d9dd611d098bbf571a341dc\",\"name\":\"biblioblanes\",\"image\":{\"@type\":\"ImageObject\",\"inLanguage\":\"ca\",\"@id\":\"https:\\\/\\\/secure.gravatar.com\\\/avatar\\\/6593ca6cc90e5a70939f51c95e8315483b9c281bafba597292bee47992030f99?s=96&d=mm&r=g\",\"url\":\"https:\\\/\\\/secure.gravatar.com\\\/avatar\\\/6593ca6cc90e5a70939f51c95e8315483b9c281bafba597292bee47992030f99?s=96&d=mm&r=g\",\"contentUrl\":\"https:\\\/\\\/secure.gravatar.com\\\/avatar\\\/6593ca6cc90e5a70939f51c95e8315483b9c281bafba597292bee47992030f99?s=96&d=mm&r=g\",\"caption\":\"biblioblanes\"},\"sameAs\":[\"http:\\\/\\\/www.bibgirona.cat\\\/biblioteca\\\/blanes\",\"https:\\\/\\\/x.com\\\/biblioblanes\"],\"url\":\"https:\\\/\\\/biblioteca.blanes.cat\\\/dijousdelletresimots\\\/author\\\/biblioblanes\\\/\"}]}<\/script>\n<!-- \/ Yoast SEO plugin. -->","yoast_head_json":{"title":"La rambla fa baixada, N\u00e9stor Luj\u00e1n - Dijous de Lletres i Mots","robots":{"index":"index","follow":"follow","max-snippet":"max-snippet:-1","max-image-preview":"max-image-preview:large","max-video-preview":"max-video-preview:-1"},"canonical":"https:\/\/biblioteca.blanes.cat\/dijousdelletresimots\/la-rambla-fa-baixada-nestor-lujan\/","og_locale":"ca_ES","og_type":"article","og_title":"La rambla fa baixada, N\u00e9stor Luj\u00e1n - Dijous de Lletres i Mots","og_description":"Aquesta novel\u00b7la va ser Premi Narrativa Ramon Llull 1994 i descriu una fam\u00edlia de la burgesia catalana, els Bov\u00e9, entre l\u2019octubre de 1934, quan Companys proclama l\u2019Estat Catal\u00e0, i el juliol de 1936, comen\u00e7ament de la guerra civil. A l\u2019entorn","og_url":"https:\/\/biblioteca.blanes.cat\/dijousdelletresimots\/la-rambla-fa-baixada-nestor-lujan\/","og_site_name":"Dijous de Lletres i Mots","article_published_time":"2022-10-19T08:03:28+00:00","article_modified_time":"2022-10-19T08:03:29+00:00","og_image":[{"url":"https:\/\/cloud10.todocoleccion.online\/libros-segunda-mano-literatura\/tc\/2017\/06\/05\/11\/88955516.jpg","type":"","width":"","height":""}],"author":"biblioblanes","twitter_card":"summary_large_image","twitter_creator":"@biblioblanes","twitter_misc":{"Escrit per":"biblioblanes","Temps estimat de lectura":"2 minuts"},"schema":{"@context":"https:\/\/schema.org","@graph":[{"@type":"Article","@id":"https:\/\/biblioteca.blanes.cat\/dijousdelletresimots\/la-rambla-fa-baixada-nestor-lujan\/#article","isPartOf":{"@id":"https:\/\/biblioteca.blanes.cat\/dijousdelletresimots\/la-rambla-fa-baixada-nestor-lujan\/"},"author":{"name":"biblioblanes","@id":"https:\/\/biblioteca.blanes.cat\/dijousdelletresimots\/#\/schema\/person\/5a7b46760d9dd611d098bbf571a341dc"},"headline":"La rambla fa baixada, N\u00e9stor Luj\u00e1n","datePublished":"2022-10-19T08:03:28+00:00","dateModified":"2022-10-19T08:03:29+00:00","mainEntityOfPage":{"@id":"https:\/\/biblioteca.blanes.cat\/dijousdelletresimots\/la-rambla-fa-baixada-nestor-lujan\/"},"wordCount":227,"commentCount":0,"image":{"@id":"https:\/\/biblioteca.blanes.cat\/dijousdelletresimots\/la-rambla-fa-baixada-nestor-lujan\/#primaryimage"},"thumbnailUrl":"https:\/\/cloud10.todocoleccion.online\/libros-segunda-mano-literatura\/tc\/2017\/06\/05\/11\/88955516.jpg","articleSection":["Trobades"],"inLanguage":"ca","potentialAction":[{"@type":"CommentAction","name":"Comment","target":["https:\/\/biblioteca.blanes.cat\/dijousdelletresimots\/la-rambla-fa-baixada-nestor-lujan\/#respond"]}]},{"@type":"WebPage","@id":"https:\/\/biblioteca.blanes.cat\/dijousdelletresimots\/la-rambla-fa-baixada-nestor-lujan\/","url":"https:\/\/biblioteca.blanes.cat\/dijousdelletresimots\/la-rambla-fa-baixada-nestor-lujan\/","name":"La rambla fa baixada, N\u00e9stor Luj\u00e1n - Dijous de Lletres i Mots","isPartOf":{"@id":"https:\/\/biblioteca.blanes.cat\/dijousdelletresimots\/#website"},"primaryImageOfPage":{"@id":"https:\/\/biblioteca.blanes.cat\/dijousdelletresimots\/la-rambla-fa-baixada-nestor-lujan\/#primaryimage"},"image":{"@id":"https:\/\/biblioteca.blanes.cat\/dijousdelletresimots\/la-rambla-fa-baixada-nestor-lujan\/#primaryimage"},"thumbnailUrl":"https:\/\/cloud10.todocoleccion.online\/libros-segunda-mano-literatura\/tc\/2017\/06\/05\/11\/88955516.jpg","datePublished":"2022-10-19T08:03:28+00:00","dateModified":"2022-10-19T08:03:29+00:00","author":{"@id":"https:\/\/biblioteca.blanes.cat\/dijousdelletresimots\/#\/schema\/person\/5a7b46760d9dd611d098bbf571a341dc"},"breadcrumb":{"@id":"https:\/\/biblioteca.blanes.cat\/dijousdelletresimots\/la-rambla-fa-baixada-nestor-lujan\/#breadcrumb"},"inLanguage":"ca","potentialAction":[{"@type":"ReadAction","target":["https:\/\/biblioteca.blanes.cat\/dijousdelletresimots\/la-rambla-fa-baixada-nestor-lujan\/"]}]},{"@type":"ImageObject","inLanguage":"ca","@id":"https:\/\/biblioteca.blanes.cat\/dijousdelletresimots\/la-rambla-fa-baixada-nestor-lujan\/#primaryimage","url":"https:\/\/cloud10.todocoleccion.online\/libros-segunda-mano-literatura\/tc\/2017\/06\/05\/11\/88955516.jpg","contentUrl":"https:\/\/cloud10.todocoleccion.online\/libros-segunda-mano-literatura\/tc\/2017\/06\/05\/11\/88955516.jpg"},{"@type":"BreadcrumbList","@id":"https:\/\/biblioteca.blanes.cat\/dijousdelletresimots\/la-rambla-fa-baixada-nestor-lujan\/#breadcrumb","itemListElement":[{"@type":"ListItem","position":1,"name":"Inici","item":"https:\/\/biblioteca.blanes.cat\/dijousdelletresimots\/"},{"@type":"ListItem","position":2,"name":"La rambla fa baixada, N\u00e9stor Luj\u00e1n"}]},{"@type":"WebSite","@id":"https:\/\/biblioteca.blanes.cat\/dijousdelletresimots\/#website","url":"https:\/\/biblioteca.blanes.cat\/dijousdelletresimots\/","name":"Dijous de Lletres i Mots","description":"","potentialAction":[{"@type":"SearchAction","target":{"@type":"EntryPoint","urlTemplate":"https:\/\/biblioteca.blanes.cat\/dijousdelletresimots\/?s={search_term_string}"},"query-input":{"@type":"PropertyValueSpecification","valueRequired":true,"valueName":"search_term_string"}}],"inLanguage":"ca"},{"@type":"Person","@id":"https:\/\/biblioteca.blanes.cat\/dijousdelletresimots\/#\/schema\/person\/5a7b46760d9dd611d098bbf571a341dc","name":"biblioblanes","image":{"@type":"ImageObject","inLanguage":"ca","@id":"https:\/\/secure.gravatar.com\/avatar\/6593ca6cc90e5a70939f51c95e8315483b9c281bafba597292bee47992030f99?s=96&d=mm&r=g","url":"https:\/\/secure.gravatar.com\/avatar\/6593ca6cc90e5a70939f51c95e8315483b9c281bafba597292bee47992030f99?s=96&d=mm&r=g","contentUrl":"https:\/\/secure.gravatar.com\/avatar\/6593ca6cc90e5a70939f51c95e8315483b9c281bafba597292bee47992030f99?s=96&d=mm&r=g","caption":"biblioblanes"},"sameAs":["http:\/\/www.bibgirona.cat\/biblioteca\/blanes","https:\/\/x.com\/biblioblanes"],"url":"https:\/\/biblioteca.blanes.cat\/dijousdelletresimots\/author\/biblioblanes\/"}]}},"_links":{"self":[{"href":"https:\/\/biblioteca.blanes.cat\/dijousdelletresimots\/wp-json\/wp\/v2\/posts\/327","targetHints":{"allow":["GET"]}}],"collection":[{"href":"https:\/\/biblioteca.blanes.cat\/dijousdelletresimots\/wp-json\/wp\/v2\/posts"}],"about":[{"href":"https:\/\/biblioteca.blanes.cat\/dijousdelletresimots\/wp-json\/wp\/v2\/types\/post"}],"author":[{"embeddable":true,"href":"https:\/\/biblioteca.blanes.cat\/dijousdelletresimots\/wp-json\/wp\/v2\/users\/4"}],"replies":[{"embeddable":true,"href":"https:\/\/biblioteca.blanes.cat\/dijousdelletresimots\/wp-json\/wp\/v2\/comments?post=327"}],"version-history":[{"count":1,"href":"https:\/\/biblioteca.blanes.cat\/dijousdelletresimots\/wp-json\/wp\/v2\/posts\/327\/revisions"}],"predecessor-version":[{"id":328,"href":"https:\/\/biblioteca.blanes.cat\/dijousdelletresimots\/wp-json\/wp\/v2\/posts\/327\/revisions\/328"}],"wp:attachment":[{"href":"https:\/\/biblioteca.blanes.cat\/dijousdelletresimots\/wp-json\/wp\/v2\/media?parent=327"}],"wp:term":[{"taxonomy":"category","embeddable":true,"href":"https:\/\/biblioteca.blanes.cat\/dijousdelletresimots\/wp-json\/wp\/v2\/categories?post=327"},{"taxonomy":"post_tag","embeddable":true,"href":"https:\/\/biblioteca.blanes.cat\/dijousdelletresimots\/wp-json\/wp\/v2\/tags?post=327"}],"curies":[{"name":"wp","href":"https:\/\/api.w.org\/{rel}","templated":true}]}}