{"id":318,"date":"2022-09-07T07:45:40","date_gmt":"2022-09-07T06:45:40","guid":{"rendered":"https:\/\/biblioteca.blanes.cat\/dijousdelletresimots\/?p=318"},"modified":"2022-09-07T07:45:41","modified_gmt":"2022-09-07T06:45:41","slug":"lultim-patriarca-najat-el-hachmi","status":"publish","type":"post","link":"https:\/\/biblioteca.blanes.cat\/dijousdelletresimots\/lultim-patriarca-najat-el-hachmi\/","title":{"rendered":"L&#8217;\u00faltim patriarca, Najat El Hachmi"},"content":{"rendered":"\n<p>Aquesta novel\u00b7la, guanyadora del Premi Ramon Llull 2008, \u00e9s la hist\u00f2ria d&#8217;una rebel\u00b7li\u00f3 personal contra un ordre establert des de fa milers d&#8217;anys. Tamb\u00e9 \u00e9s una mirada l\u00facida sobre les v\u00edctimes i els botxins que en s\u00f3n part\u00edcips. Mimoun i la seva filla neixen per complir el paper que el patriarcat els ha assignat, per\u00f2 uns canvis en les circumst\u00e0ncies que els envolten seran decisius per propiciar el capgirament de l&#8217;ordre de les coses. Aquesta \u00e9s una hist\u00f2ria familiar, una hist\u00f2ria on les contradiccions internes dels personatges afloren per marcar unes relacions fetes de malentesos. Una hist\u00f2ria definida pel trencament que suposa la separaci\u00f3. La filla de Mimoun Driouch narra la seva vida des que ell neix fins que ella est\u00e0 a punt de comen\u00e7ar la universitat. Ella vol entendre qu\u00e8 ha fet del seu pare el tipus de persona que \u00e9s, quines circumst\u00e0ncies l&#8217;han convertit en una figura autorit\u00e0ria i d\u00e8spota, al mateix temps que inicia diversos intents per desfer-se del pes que t\u00e9 en la seva vida. A partir d&#8217;un magistral i intencionat \u00fas dels recursos propis de la tradici\u00f3 oral, l&#8217;escriptora Najat El Hachmi construeix una faula moderna que inclou moments de gran tendresa i moments d&#8217;un brutal dramatisme, tot amanit amb un sentit de l&#8217;humor que ratlla la corrosi\u00f3. El resultat \u00e9s un tipus de novel\u00b7la que, tant pels conflictes tractats com per la forma liter\u00e0ria d&#8217;abordar-los, fins ara ha estat in\u00e8dit en la literatura catalana.\u00a0<\/p>\n\n\n\n<div class=\"wp-block-image\"><figure class=\"aligncenter is-resized\"><img decoding=\"async\" src=\"https:\/\/grup62cat.cdnstatics2.com\/usuaris\/libros\/fotos\/100\/m_libros\/portada_lultim-patriarca_najat-el-hachmi_202207181054.jpg\" alt=\"\" width=\"149\" height=\"228\"\/><\/figure><\/div>\n\n\n\n<p>Com a material d&#8217;acompanyament us hem preparat <a href=\"https:\/\/www.bibgirona.cat\/assets\/documents\/000\/460\/491\/lultim_patriarca_-_dones_dorient.pdf\">aquest d\u00edptic<\/a> que esperem us resulti interessant.<\/p>\n\n\n\n<p>Bona lectura!<\/p>\n","protected":false},"excerpt":{"rendered":"<p>Aquesta novel\u00b7la, guanyadora del Premi Ramon Llull 2008, \u00e9s la hist\u00f2ria d&#8217;una rebel\u00b7li\u00f3 personal contra un ordre establert des de fa milers d&#8217;anys. Tamb\u00e9 \u00e9s una mirada l\u00facida sobre les v\u00edctimes i els botxins que en s\u00f3n part\u00edcips. Mimoun i<\/p>\n","protected":false},"author":4,"featured_media":0,"comment_status":"open","ping_status":"open","sticky":false,"template":"","format":"standard","meta":{"sfsi_plus_gutenberg_text_before_share":"","sfsi_plus_gutenberg_show_text_before_share":"","sfsi_plus_gutenberg_icon_type":"","sfsi_plus_gutenberg_icon_alignemt":"","sfsi_plus_gutenburg_max_per_row":"","footnotes":""},"categories":[1],"tags":[],"class_list":["post-318","post","type-post","status-publish","format-standard","hentry","category-general"],"yoast_head":"<!-- This site is optimized with the Yoast SEO plugin v27.5 - https:\/\/yoast.com\/product\/yoast-seo-wordpress\/ -->\n<title>L&#039;\u00faltim patriarca, Najat El Hachmi - Dijous de Lletres i Mots<\/title>\n<meta name=\"robots\" content=\"index, follow, max-snippet:-1, max-image-preview:large, max-video-preview:-1\" \/>\n<link rel=\"canonical\" href=\"https:\/\/biblioteca.blanes.cat\/dijousdelletresimots\/lultim-patriarca-najat-el-hachmi\/\" \/>\n<meta property=\"og:locale\" content=\"ca_ES\" \/>\n<meta property=\"og:type\" content=\"article\" \/>\n<meta property=\"og:title\" content=\"L&#039;\u00faltim patriarca, Najat El Hachmi - Dijous de Lletres i Mots\" \/>\n<meta property=\"og:description\" content=\"Aquesta novel\u00b7la, guanyadora del Premi Ramon Llull 2008, \u00e9s la hist\u00f2ria d&#8217;una rebel\u00b7li\u00f3 personal contra un ordre establert des de fa milers d&#8217;anys. Tamb\u00e9 \u00e9s una mirada l\u00facida sobre les v\u00edctimes i els botxins que en s\u00f3n part\u00edcips. Mimoun i\" \/>\n<meta property=\"og:url\" content=\"https:\/\/biblioteca.blanes.cat\/dijousdelletresimots\/lultim-patriarca-najat-el-hachmi\/\" \/>\n<meta property=\"og:site_name\" content=\"Dijous de Lletres i Mots\" \/>\n<meta property=\"article:published_time\" content=\"2022-09-07T06:45:40+00:00\" \/>\n<meta property=\"article:modified_time\" content=\"2022-09-07T06:45:41+00:00\" \/>\n<meta property=\"og:image\" content=\"https:\/\/grup62cat.cdnstatics2.com\/usuaris\/libros\/fotos\/100\/m_libros\/portada_lultim-patriarca_najat-el-hachmi_202207181054.jpg\" \/>\n<meta name=\"author\" content=\"biblioblanes\" \/>\n<meta name=\"twitter:card\" content=\"summary_large_image\" \/>\n<meta name=\"twitter:creator\" content=\"@biblioblanes\" \/>\n<meta name=\"twitter:label1\" content=\"Escrit per\" \/>\n\t<meta name=\"twitter:data1\" content=\"biblioblanes\" \/>\n\t<meta name=\"twitter:label2\" content=\"Temps estimat de lectura\" \/>\n\t<meta name=\"twitter:data2\" content=\"2 minuts\" \/>\n<script type=\"application\/ld+json\" class=\"yoast-schema-graph\">{\"@context\":\"https:\\\/\\\/schema.org\",\"@graph\":[{\"@type\":\"Article\",\"@id\":\"https:\\\/\\\/biblioteca.blanes.cat\\\/dijousdelletresimots\\\/lultim-patriarca-najat-el-hachmi\\\/#article\",\"isPartOf\":{\"@id\":\"https:\\\/\\\/biblioteca.blanes.cat\\\/dijousdelletresimots\\\/lultim-patriarca-najat-el-hachmi\\\/\"},\"author\":{\"name\":\"biblioblanes\",\"@id\":\"https:\\\/\\\/biblioteca.blanes.cat\\\/dijousdelletresimots\\\/#\\\/schema\\\/person\\\/5a7b46760d9dd611d098bbf571a341dc\"},\"headline\":\"L&#8217;\u00faltim patriarca, Najat El Hachmi\",\"datePublished\":\"2022-09-07T06:45:40+00:00\",\"dateModified\":\"2022-09-07T06:45:41+00:00\",\"mainEntityOfPage\":{\"@id\":\"https:\\\/\\\/biblioteca.blanes.cat\\\/dijousdelletresimots\\\/lultim-patriarca-najat-el-hachmi\\\/\"},\"wordCount\":290,\"commentCount\":0,\"image\":{\"@id\":\"https:\\\/\\\/biblioteca.blanes.cat\\\/dijousdelletresimots\\\/lultim-patriarca-najat-el-hachmi\\\/#primaryimage\"},\"thumbnailUrl\":\"https:\\\/\\\/grup62cat.cdnstatics2.com\\\/usuaris\\\/libros\\\/fotos\\\/100\\\/m_libros\\\/portada_lultim-patriarca_najat-el-hachmi_202207181054.jpg\",\"articleSection\":[\"Trobades\"],\"inLanguage\":\"ca\",\"potentialAction\":[{\"@type\":\"CommentAction\",\"name\":\"Comment\",\"target\":[\"https:\\\/\\\/biblioteca.blanes.cat\\\/dijousdelletresimots\\\/lultim-patriarca-najat-el-hachmi\\\/#respond\"]}]},{\"@type\":\"WebPage\",\"@id\":\"https:\\\/\\\/biblioteca.blanes.cat\\\/dijousdelletresimots\\\/lultim-patriarca-najat-el-hachmi\\\/\",\"url\":\"https:\\\/\\\/biblioteca.blanes.cat\\\/dijousdelletresimots\\\/lultim-patriarca-najat-el-hachmi\\\/\",\"name\":\"L'\u00faltim patriarca, Najat El Hachmi - Dijous de Lletres i Mots\",\"isPartOf\":{\"@id\":\"https:\\\/\\\/biblioteca.blanes.cat\\\/dijousdelletresimots\\\/#website\"},\"primaryImageOfPage\":{\"@id\":\"https:\\\/\\\/biblioteca.blanes.cat\\\/dijousdelletresimots\\\/lultim-patriarca-najat-el-hachmi\\\/#primaryimage\"},\"image\":{\"@id\":\"https:\\\/\\\/biblioteca.blanes.cat\\\/dijousdelletresimots\\\/lultim-patriarca-najat-el-hachmi\\\/#primaryimage\"},\"thumbnailUrl\":\"https:\\\/\\\/grup62cat.cdnstatics2.com\\\/usuaris\\\/libros\\\/fotos\\\/100\\\/m_libros\\\/portada_lultim-patriarca_najat-el-hachmi_202207181054.jpg\",\"datePublished\":\"2022-09-07T06:45:40+00:00\",\"dateModified\":\"2022-09-07T06:45:41+00:00\",\"author\":{\"@id\":\"https:\\\/\\\/biblioteca.blanes.cat\\\/dijousdelletresimots\\\/#\\\/schema\\\/person\\\/5a7b46760d9dd611d098bbf571a341dc\"},\"breadcrumb\":{\"@id\":\"https:\\\/\\\/biblioteca.blanes.cat\\\/dijousdelletresimots\\\/lultim-patriarca-najat-el-hachmi\\\/#breadcrumb\"},\"inLanguage\":\"ca\",\"potentialAction\":[{\"@type\":\"ReadAction\",\"target\":[\"https:\\\/\\\/biblioteca.blanes.cat\\\/dijousdelletresimots\\\/lultim-patriarca-najat-el-hachmi\\\/\"]}]},{\"@type\":\"ImageObject\",\"inLanguage\":\"ca\",\"@id\":\"https:\\\/\\\/biblioteca.blanes.cat\\\/dijousdelletresimots\\\/lultim-patriarca-najat-el-hachmi\\\/#primaryimage\",\"url\":\"https:\\\/\\\/grup62cat.cdnstatics2.com\\\/usuaris\\\/libros\\\/fotos\\\/100\\\/m_libros\\\/portada_lultim-patriarca_najat-el-hachmi_202207181054.jpg\",\"contentUrl\":\"https:\\\/\\\/grup62cat.cdnstatics2.com\\\/usuaris\\\/libros\\\/fotos\\\/100\\\/m_libros\\\/portada_lultim-patriarca_najat-el-hachmi_202207181054.jpg\"},{\"@type\":\"BreadcrumbList\",\"@id\":\"https:\\\/\\\/biblioteca.blanes.cat\\\/dijousdelletresimots\\\/lultim-patriarca-najat-el-hachmi\\\/#breadcrumb\",\"itemListElement\":[{\"@type\":\"ListItem\",\"position\":1,\"name\":\"Inici\",\"item\":\"https:\\\/\\\/biblioteca.blanes.cat\\\/dijousdelletresimots\\\/\"},{\"@type\":\"ListItem\",\"position\":2,\"name\":\"L&#8217;\u00faltim patriarca, Najat El Hachmi\"}]},{\"@type\":\"WebSite\",\"@id\":\"https:\\\/\\\/biblioteca.blanes.cat\\\/dijousdelletresimots\\\/#website\",\"url\":\"https:\\\/\\\/biblioteca.blanes.cat\\\/dijousdelletresimots\\\/\",\"name\":\"Dijous de Lletres i Mots\",\"description\":\"\",\"potentialAction\":[{\"@type\":\"SearchAction\",\"target\":{\"@type\":\"EntryPoint\",\"urlTemplate\":\"https:\\\/\\\/biblioteca.blanes.cat\\\/dijousdelletresimots\\\/?s={search_term_string}\"},\"query-input\":{\"@type\":\"PropertyValueSpecification\",\"valueRequired\":true,\"valueName\":\"search_term_string\"}}],\"inLanguage\":\"ca\"},{\"@type\":\"Person\",\"@id\":\"https:\\\/\\\/biblioteca.blanes.cat\\\/dijousdelletresimots\\\/#\\\/schema\\\/person\\\/5a7b46760d9dd611d098bbf571a341dc\",\"name\":\"biblioblanes\",\"image\":{\"@type\":\"ImageObject\",\"inLanguage\":\"ca\",\"@id\":\"https:\\\/\\\/secure.gravatar.com\\\/avatar\\\/6593ca6cc90e5a70939f51c95e8315483b9c281bafba597292bee47992030f99?s=96&d=mm&r=g\",\"url\":\"https:\\\/\\\/secure.gravatar.com\\\/avatar\\\/6593ca6cc90e5a70939f51c95e8315483b9c281bafba597292bee47992030f99?s=96&d=mm&r=g\",\"contentUrl\":\"https:\\\/\\\/secure.gravatar.com\\\/avatar\\\/6593ca6cc90e5a70939f51c95e8315483b9c281bafba597292bee47992030f99?s=96&d=mm&r=g\",\"caption\":\"biblioblanes\"},\"sameAs\":[\"http:\\\/\\\/www.bibgirona.cat\\\/biblioteca\\\/blanes\",\"https:\\\/\\\/x.com\\\/biblioblanes\"],\"url\":\"https:\\\/\\\/biblioteca.blanes.cat\\\/dijousdelletresimots\\\/author\\\/biblioblanes\\\/\"}]}<\/script>\n<!-- \/ Yoast SEO plugin. -->","yoast_head_json":{"title":"L'\u00faltim patriarca, Najat El Hachmi - Dijous de Lletres i Mots","robots":{"index":"index","follow":"follow","max-snippet":"max-snippet:-1","max-image-preview":"max-image-preview:large","max-video-preview":"max-video-preview:-1"},"canonical":"https:\/\/biblioteca.blanes.cat\/dijousdelletresimots\/lultim-patriarca-najat-el-hachmi\/","og_locale":"ca_ES","og_type":"article","og_title":"L'\u00faltim patriarca, Najat El Hachmi - Dijous de Lletres i Mots","og_description":"Aquesta novel\u00b7la, guanyadora del Premi Ramon Llull 2008, \u00e9s la hist\u00f2ria d&#8217;una rebel\u00b7li\u00f3 personal contra un ordre establert des de fa milers d&#8217;anys. Tamb\u00e9 \u00e9s una mirada l\u00facida sobre les v\u00edctimes i els botxins que en s\u00f3n part\u00edcips. Mimoun i","og_url":"https:\/\/biblioteca.blanes.cat\/dijousdelletresimots\/lultim-patriarca-najat-el-hachmi\/","og_site_name":"Dijous de Lletres i Mots","article_published_time":"2022-09-07T06:45:40+00:00","article_modified_time":"2022-09-07T06:45:41+00:00","og_image":[{"url":"https:\/\/grup62cat.cdnstatics2.com\/usuaris\/libros\/fotos\/100\/m_libros\/portada_lultim-patriarca_najat-el-hachmi_202207181054.jpg","type":"","width":"","height":""}],"author":"biblioblanes","twitter_card":"summary_large_image","twitter_creator":"@biblioblanes","twitter_misc":{"Escrit per":"biblioblanes","Temps estimat de lectura":"2 minuts"},"schema":{"@context":"https:\/\/schema.org","@graph":[{"@type":"Article","@id":"https:\/\/biblioteca.blanes.cat\/dijousdelletresimots\/lultim-patriarca-najat-el-hachmi\/#article","isPartOf":{"@id":"https:\/\/biblioteca.blanes.cat\/dijousdelletresimots\/lultim-patriarca-najat-el-hachmi\/"},"author":{"name":"biblioblanes","@id":"https:\/\/biblioteca.blanes.cat\/dijousdelletresimots\/#\/schema\/person\/5a7b46760d9dd611d098bbf571a341dc"},"headline":"L&#8217;\u00faltim patriarca, Najat El Hachmi","datePublished":"2022-09-07T06:45:40+00:00","dateModified":"2022-09-07T06:45:41+00:00","mainEntityOfPage":{"@id":"https:\/\/biblioteca.blanes.cat\/dijousdelletresimots\/lultim-patriarca-najat-el-hachmi\/"},"wordCount":290,"commentCount":0,"image":{"@id":"https:\/\/biblioteca.blanes.cat\/dijousdelletresimots\/lultim-patriarca-najat-el-hachmi\/#primaryimage"},"thumbnailUrl":"https:\/\/grup62cat.cdnstatics2.com\/usuaris\/libros\/fotos\/100\/m_libros\/portada_lultim-patriarca_najat-el-hachmi_202207181054.jpg","articleSection":["Trobades"],"inLanguage":"ca","potentialAction":[{"@type":"CommentAction","name":"Comment","target":["https:\/\/biblioteca.blanes.cat\/dijousdelletresimots\/lultim-patriarca-najat-el-hachmi\/#respond"]}]},{"@type":"WebPage","@id":"https:\/\/biblioteca.blanes.cat\/dijousdelletresimots\/lultim-patriarca-najat-el-hachmi\/","url":"https:\/\/biblioteca.blanes.cat\/dijousdelletresimots\/lultim-patriarca-najat-el-hachmi\/","name":"L'\u00faltim patriarca, Najat El Hachmi - Dijous de Lletres i Mots","isPartOf":{"@id":"https:\/\/biblioteca.blanes.cat\/dijousdelletresimots\/#website"},"primaryImageOfPage":{"@id":"https:\/\/biblioteca.blanes.cat\/dijousdelletresimots\/lultim-patriarca-najat-el-hachmi\/#primaryimage"},"image":{"@id":"https:\/\/biblioteca.blanes.cat\/dijousdelletresimots\/lultim-patriarca-najat-el-hachmi\/#primaryimage"},"thumbnailUrl":"https:\/\/grup62cat.cdnstatics2.com\/usuaris\/libros\/fotos\/100\/m_libros\/portada_lultim-patriarca_najat-el-hachmi_202207181054.jpg","datePublished":"2022-09-07T06:45:40+00:00","dateModified":"2022-09-07T06:45:41+00:00","author":{"@id":"https:\/\/biblioteca.blanes.cat\/dijousdelletresimots\/#\/schema\/person\/5a7b46760d9dd611d098bbf571a341dc"},"breadcrumb":{"@id":"https:\/\/biblioteca.blanes.cat\/dijousdelletresimots\/lultim-patriarca-najat-el-hachmi\/#breadcrumb"},"inLanguage":"ca","potentialAction":[{"@type":"ReadAction","target":["https:\/\/biblioteca.blanes.cat\/dijousdelletresimots\/lultim-patriarca-najat-el-hachmi\/"]}]},{"@type":"ImageObject","inLanguage":"ca","@id":"https:\/\/biblioteca.blanes.cat\/dijousdelletresimots\/lultim-patriarca-najat-el-hachmi\/#primaryimage","url":"https:\/\/grup62cat.cdnstatics2.com\/usuaris\/libros\/fotos\/100\/m_libros\/portada_lultim-patriarca_najat-el-hachmi_202207181054.jpg","contentUrl":"https:\/\/grup62cat.cdnstatics2.com\/usuaris\/libros\/fotos\/100\/m_libros\/portada_lultim-patriarca_najat-el-hachmi_202207181054.jpg"},{"@type":"BreadcrumbList","@id":"https:\/\/biblioteca.blanes.cat\/dijousdelletresimots\/lultim-patriarca-najat-el-hachmi\/#breadcrumb","itemListElement":[{"@type":"ListItem","position":1,"name":"Inici","item":"https:\/\/biblioteca.blanes.cat\/dijousdelletresimots\/"},{"@type":"ListItem","position":2,"name":"L&#8217;\u00faltim patriarca, Najat El Hachmi"}]},{"@type":"WebSite","@id":"https:\/\/biblioteca.blanes.cat\/dijousdelletresimots\/#website","url":"https:\/\/biblioteca.blanes.cat\/dijousdelletresimots\/","name":"Dijous de Lletres i Mots","description":"","potentialAction":[{"@type":"SearchAction","target":{"@type":"EntryPoint","urlTemplate":"https:\/\/biblioteca.blanes.cat\/dijousdelletresimots\/?s={search_term_string}"},"query-input":{"@type":"PropertyValueSpecification","valueRequired":true,"valueName":"search_term_string"}}],"inLanguage":"ca"},{"@type":"Person","@id":"https:\/\/biblioteca.blanes.cat\/dijousdelletresimots\/#\/schema\/person\/5a7b46760d9dd611d098bbf571a341dc","name":"biblioblanes","image":{"@type":"ImageObject","inLanguage":"ca","@id":"https:\/\/secure.gravatar.com\/avatar\/6593ca6cc90e5a70939f51c95e8315483b9c281bafba597292bee47992030f99?s=96&d=mm&r=g","url":"https:\/\/secure.gravatar.com\/avatar\/6593ca6cc90e5a70939f51c95e8315483b9c281bafba597292bee47992030f99?s=96&d=mm&r=g","contentUrl":"https:\/\/secure.gravatar.com\/avatar\/6593ca6cc90e5a70939f51c95e8315483b9c281bafba597292bee47992030f99?s=96&d=mm&r=g","caption":"biblioblanes"},"sameAs":["http:\/\/www.bibgirona.cat\/biblioteca\/blanes","https:\/\/x.com\/biblioblanes"],"url":"https:\/\/biblioteca.blanes.cat\/dijousdelletresimots\/author\/biblioblanes\/"}]}},"_links":{"self":[{"href":"https:\/\/biblioteca.blanes.cat\/dijousdelletresimots\/wp-json\/wp\/v2\/posts\/318","targetHints":{"allow":["GET"]}}],"collection":[{"href":"https:\/\/biblioteca.blanes.cat\/dijousdelletresimots\/wp-json\/wp\/v2\/posts"}],"about":[{"href":"https:\/\/biblioteca.blanes.cat\/dijousdelletresimots\/wp-json\/wp\/v2\/types\/post"}],"author":[{"embeddable":true,"href":"https:\/\/biblioteca.blanes.cat\/dijousdelletresimots\/wp-json\/wp\/v2\/users\/4"}],"replies":[{"embeddable":true,"href":"https:\/\/biblioteca.blanes.cat\/dijousdelletresimots\/wp-json\/wp\/v2\/comments?post=318"}],"version-history":[{"count":1,"href":"https:\/\/biblioteca.blanes.cat\/dijousdelletresimots\/wp-json\/wp\/v2\/posts\/318\/revisions"}],"predecessor-version":[{"id":319,"href":"https:\/\/biblioteca.blanes.cat\/dijousdelletresimots\/wp-json\/wp\/v2\/posts\/318\/revisions\/319"}],"wp:attachment":[{"href":"https:\/\/biblioteca.blanes.cat\/dijousdelletresimots\/wp-json\/wp\/v2\/media?parent=318"}],"wp:term":[{"taxonomy":"category","embeddable":true,"href":"https:\/\/biblioteca.blanes.cat\/dijousdelletresimots\/wp-json\/wp\/v2\/categories?post=318"},{"taxonomy":"post_tag","embeddable":true,"href":"https:\/\/biblioteca.blanes.cat\/dijousdelletresimots\/wp-json\/wp\/v2\/tags?post=318"}],"curies":[{"name":"wp","href":"https:\/\/api.w.org\/{rel}","templated":true}]}}