{"id":295,"date":"2022-04-11T15:41:31","date_gmt":"2022-04-11T14:41:31","guid":{"rendered":"https:\/\/biblioteca.blanes.cat\/dijousdelletresimots\/?p=295"},"modified":"2022-04-11T15:45:18","modified_gmt":"2022-04-11T14:45:18","slug":"giselle","status":"publish","type":"post","link":"https:\/\/biblioteca.blanes.cat\/dijousdelletresimots\/giselle\/","title":{"rendered":"Giselle"},"content":{"rendered":"\n<p>El maig participen al projecte LiceuBib, un projecte del Departament de Cultura, que, a trav\u00e9s del Servei de Biblioteques de la Direcci\u00f3 General de Cooperaci\u00f3 Cultural i el Gran Teatre del Liceu, col\u00b7laboren per facilitar que les biblioteques ofereixin clubs al voltant de l\u2019\u00f2pera, facilitant-los recursos per dur a terme aquestes activitats. Aquests clubs van acompanyats d&#8217;una xerrada i d&#8217;una sortida per a veure l&#8217;obra representada al Liceu.<\/p>\n\n\n\n<p>Aquest any, aprofitant que el Dia Internacional de la Dansa \u00e9s el 29 d&#8217;abril, tractarem el ballet Giselle. En concret, l&#8217;adaptaci\u00f3 que n&#8217;ha fet el core\u00f2graf Akram Khan. Precisament, el d\u00edptic d&#8217;aquest mes, que podeu llegir <a href=\"https:\/\/www.bibgirona.cat\/assets\/documents\/000\/452\/127\/giselle.pdf\">aqu\u00ed<\/a>, \u00e9s un article en el que s&#8217;analitza extensament aquesta adaptaci\u00f3.<\/p>\n\n\n\n<p>El llibre que llegirem ser\u00e0 Quadres de viatges, de Heinrich Heine en l&#8217;obra del qual es van basar Th\u00e9ophile Gautier&nbsp;y&nbsp;Jules-Henri Vernoy per a escriure el llibre de Giselle. Igual que en el text en el que es van basar Gautier i Vernoy, en aquestes quadres de viatges trobem una clara manifestaci\u00f3 del romanticisme en el que es va fonamentar la major part de la seva obra: el retorn a les arrels, el lirisme que sorgeix davant d&#8217;un paisatge in\u00e8dit i virginal, la hist\u00f2ria que ens permet con\u00e8ixer-nos&#8230; I, sobretot, trobem al narrador que es nodreix de llegendes populars que va recopilant en el seu cam\u00ed i que intercala en el seu relat. <\/p>\n\n\n\n<div class=\"wp-block-image\"><figure class=\"aligncenter is-resized\"><img fetchpriority=\"high\" decoding=\"async\" src=\"https:\/\/images-na.ssl-images-amazon.com\/images\/I\/41eknuL1vHL._SX338_BO1,204,203,200_.jpg\" alt=\"Quadres de viatges : Heine,Heinrich: Amazon.es: Libros\" width=\"241\" height=\"356\"\/><\/figure><\/div>\n\n\n\n<p>Com coment\u00e0vem abans tamb\u00e9 podeu assistir a la xerrada que en far\u00e0 en Pol Aviny\u00f3 el 29 d&#8217;abril a les 19h de la tarda sobre el ballet.<\/p>\n\n\n\n<div class=\"wp-block-image\"><figure class=\"aligncenter is-resized\"><img decoding=\"async\" src=\"https:\/\/www.bibgirona.cat\/assets\/documents\/000\/452\/081\/Xerrada_LiceuBib_abril_BiblioBlanes.png\" alt=\"\" width=\"281\" height=\"398\"\/><\/figure><\/div>\n\n\n\n<p>I, els que tingueu entrada, recordeu que el 7 de maig assistirem al Liceu a veure el ballet Giselle d&#8217;Akram Khan.<\/p>\n\n\n\n<p>Bona lectura<\/p>\n","protected":false},"excerpt":{"rendered":"<p>El maig participen al projecte LiceuBib, un projecte del Departament de Cultura, que, a trav\u00e9s del Servei de Biblioteques de la Direcci\u00f3 General de Cooperaci\u00f3 Cultural i el Gran Teatre del Liceu, col\u00b7laboren per facilitar que les biblioteques ofereixin clubs<\/p>\n","protected":false},"author":4,"featured_media":0,"comment_status":"open","ping_status":"open","sticky":false,"template":"","format":"standard","meta":{"sfsi_plus_gutenberg_text_before_share":"","sfsi_plus_gutenberg_show_text_before_share":"","sfsi_plus_gutenberg_icon_type":"","sfsi_plus_gutenberg_icon_alignemt":"","sfsi_plus_gutenburg_max_per_row":"","footnotes":""},"categories":[9],"tags":[],"class_list":["post-295","post","type-post","status-publish","format-standard","hentry","category-lectures"],"yoast_head":"<!-- This site is optimized with the Yoast SEO plugin v27.5 - https:\/\/yoast.com\/product\/yoast-seo-wordpress\/ -->\n<title>Giselle - Dijous de Lletres i Mots<\/title>\n<meta name=\"robots\" content=\"index, follow, max-snippet:-1, max-image-preview:large, max-video-preview:-1\" \/>\n<link rel=\"canonical\" href=\"https:\/\/biblioteca.blanes.cat\/dijousdelletresimots\/giselle\/\" \/>\n<meta property=\"og:locale\" content=\"ca_ES\" \/>\n<meta property=\"og:type\" content=\"article\" \/>\n<meta property=\"og:title\" content=\"Giselle - Dijous de Lletres i Mots\" \/>\n<meta property=\"og:description\" content=\"El maig participen al projecte LiceuBib, un projecte del Departament de Cultura, que, a trav\u00e9s del Servei de Biblioteques de la Direcci\u00f3 General de Cooperaci\u00f3 Cultural i el Gran Teatre del Liceu, col\u00b7laboren per facilitar que les biblioteques ofereixin clubs\" \/>\n<meta property=\"og:url\" content=\"https:\/\/biblioteca.blanes.cat\/dijousdelletresimots\/giselle\/\" \/>\n<meta property=\"og:site_name\" content=\"Dijous de Lletres i Mots\" \/>\n<meta property=\"article:published_time\" content=\"2022-04-11T14:41:31+00:00\" \/>\n<meta property=\"article:modified_time\" content=\"2022-04-11T14:45:18+00:00\" \/>\n<meta property=\"og:image\" content=\"https:\/\/images-na.ssl-images-amazon.com\/images\/I\/41eknuL1vHL._SX338_BO1,204,203,200_.jpg\" \/>\n<meta name=\"author\" content=\"biblioblanes\" \/>\n<meta name=\"twitter:card\" content=\"summary_large_image\" \/>\n<meta name=\"twitter:creator\" content=\"@biblioblanes\" \/>\n<meta name=\"twitter:label1\" content=\"Escrit per\" \/>\n\t<meta name=\"twitter:data1\" content=\"biblioblanes\" \/>\n\t<meta name=\"twitter:label2\" content=\"Temps estimat de lectura\" \/>\n\t<meta name=\"twitter:data2\" content=\"2 minuts\" \/>\n<script type=\"application\/ld+json\" class=\"yoast-schema-graph\">{\"@context\":\"https:\\\/\\\/schema.org\",\"@graph\":[{\"@type\":\"Article\",\"@id\":\"https:\\\/\\\/biblioteca.blanes.cat\\\/dijousdelletresimots\\\/giselle\\\/#article\",\"isPartOf\":{\"@id\":\"https:\\\/\\\/biblioteca.blanes.cat\\\/dijousdelletresimots\\\/giselle\\\/\"},\"author\":{\"name\":\"biblioblanes\",\"@id\":\"https:\\\/\\\/biblioteca.blanes.cat\\\/dijousdelletresimots\\\/#\\\/schema\\\/person\\\/5a7b46760d9dd611d098bbf571a341dc\"},\"headline\":\"Giselle\",\"datePublished\":\"2022-04-11T14:41:31+00:00\",\"dateModified\":\"2022-04-11T14:45:18+00:00\",\"mainEntityOfPage\":{\"@id\":\"https:\\\/\\\/biblioteca.blanes.cat\\\/dijousdelletresimots\\\/giselle\\\/\"},\"wordCount\":301,\"commentCount\":0,\"image\":{\"@id\":\"https:\\\/\\\/biblioteca.blanes.cat\\\/dijousdelletresimots\\\/giselle\\\/#primaryimage\"},\"thumbnailUrl\":\"https:\\\/\\\/images-na.ssl-images-amazon.com\\\/images\\\/I\\\/41eknuL1vHL._SX338_BO1,204,203,200_.jpg\",\"articleSection\":[\"Lectures\"],\"inLanguage\":\"ca\",\"potentialAction\":[{\"@type\":\"CommentAction\",\"name\":\"Comment\",\"target\":[\"https:\\\/\\\/biblioteca.blanes.cat\\\/dijousdelletresimots\\\/giselle\\\/#respond\"]}]},{\"@type\":\"WebPage\",\"@id\":\"https:\\\/\\\/biblioteca.blanes.cat\\\/dijousdelletresimots\\\/giselle\\\/\",\"url\":\"https:\\\/\\\/biblioteca.blanes.cat\\\/dijousdelletresimots\\\/giselle\\\/\",\"name\":\"Giselle - Dijous de Lletres i Mots\",\"isPartOf\":{\"@id\":\"https:\\\/\\\/biblioteca.blanes.cat\\\/dijousdelletresimots\\\/#website\"},\"primaryImageOfPage\":{\"@id\":\"https:\\\/\\\/biblioteca.blanes.cat\\\/dijousdelletresimots\\\/giselle\\\/#primaryimage\"},\"image\":{\"@id\":\"https:\\\/\\\/biblioteca.blanes.cat\\\/dijousdelletresimots\\\/giselle\\\/#primaryimage\"},\"thumbnailUrl\":\"https:\\\/\\\/images-na.ssl-images-amazon.com\\\/images\\\/I\\\/41eknuL1vHL._SX338_BO1,204,203,200_.jpg\",\"datePublished\":\"2022-04-11T14:41:31+00:00\",\"dateModified\":\"2022-04-11T14:45:18+00:00\",\"author\":{\"@id\":\"https:\\\/\\\/biblioteca.blanes.cat\\\/dijousdelletresimots\\\/#\\\/schema\\\/person\\\/5a7b46760d9dd611d098bbf571a341dc\"},\"breadcrumb\":{\"@id\":\"https:\\\/\\\/biblioteca.blanes.cat\\\/dijousdelletresimots\\\/giselle\\\/#breadcrumb\"},\"inLanguage\":\"ca\",\"potentialAction\":[{\"@type\":\"ReadAction\",\"target\":[\"https:\\\/\\\/biblioteca.blanes.cat\\\/dijousdelletresimots\\\/giselle\\\/\"]}]},{\"@type\":\"ImageObject\",\"inLanguage\":\"ca\",\"@id\":\"https:\\\/\\\/biblioteca.blanes.cat\\\/dijousdelletresimots\\\/giselle\\\/#primaryimage\",\"url\":\"https:\\\/\\\/images-na.ssl-images-amazon.com\\\/images\\\/I\\\/41eknuL1vHL._SX338_BO1,204,203,200_.jpg\",\"contentUrl\":\"https:\\\/\\\/images-na.ssl-images-amazon.com\\\/images\\\/I\\\/41eknuL1vHL._SX338_BO1,204,203,200_.jpg\"},{\"@type\":\"BreadcrumbList\",\"@id\":\"https:\\\/\\\/biblioteca.blanes.cat\\\/dijousdelletresimots\\\/giselle\\\/#breadcrumb\",\"itemListElement\":[{\"@type\":\"ListItem\",\"position\":1,\"name\":\"Inici\",\"item\":\"https:\\\/\\\/biblioteca.blanes.cat\\\/dijousdelletresimots\\\/\"},{\"@type\":\"ListItem\",\"position\":2,\"name\":\"Giselle\"}]},{\"@type\":\"WebSite\",\"@id\":\"https:\\\/\\\/biblioteca.blanes.cat\\\/dijousdelletresimots\\\/#website\",\"url\":\"https:\\\/\\\/biblioteca.blanes.cat\\\/dijousdelletresimots\\\/\",\"name\":\"Dijous de Lletres i Mots\",\"description\":\"\",\"potentialAction\":[{\"@type\":\"SearchAction\",\"target\":{\"@type\":\"EntryPoint\",\"urlTemplate\":\"https:\\\/\\\/biblioteca.blanes.cat\\\/dijousdelletresimots\\\/?s={search_term_string}\"},\"query-input\":{\"@type\":\"PropertyValueSpecification\",\"valueRequired\":true,\"valueName\":\"search_term_string\"}}],\"inLanguage\":\"ca\"},{\"@type\":\"Person\",\"@id\":\"https:\\\/\\\/biblioteca.blanes.cat\\\/dijousdelletresimots\\\/#\\\/schema\\\/person\\\/5a7b46760d9dd611d098bbf571a341dc\",\"name\":\"biblioblanes\",\"image\":{\"@type\":\"ImageObject\",\"inLanguage\":\"ca\",\"@id\":\"https:\\\/\\\/secure.gravatar.com\\\/avatar\\\/6593ca6cc90e5a70939f51c95e8315483b9c281bafba597292bee47992030f99?s=96&d=mm&r=g\",\"url\":\"https:\\\/\\\/secure.gravatar.com\\\/avatar\\\/6593ca6cc90e5a70939f51c95e8315483b9c281bafba597292bee47992030f99?s=96&d=mm&r=g\",\"contentUrl\":\"https:\\\/\\\/secure.gravatar.com\\\/avatar\\\/6593ca6cc90e5a70939f51c95e8315483b9c281bafba597292bee47992030f99?s=96&d=mm&r=g\",\"caption\":\"biblioblanes\"},\"sameAs\":[\"http:\\\/\\\/www.bibgirona.cat\\\/biblioteca\\\/blanes\",\"https:\\\/\\\/x.com\\\/biblioblanes\"],\"url\":\"https:\\\/\\\/biblioteca.blanes.cat\\\/dijousdelletresimots\\\/author\\\/biblioblanes\\\/\"}]}<\/script>\n<!-- \/ Yoast SEO plugin. -->","yoast_head_json":{"title":"Giselle - Dijous de Lletres i Mots","robots":{"index":"index","follow":"follow","max-snippet":"max-snippet:-1","max-image-preview":"max-image-preview:large","max-video-preview":"max-video-preview:-1"},"canonical":"https:\/\/biblioteca.blanes.cat\/dijousdelletresimots\/giselle\/","og_locale":"ca_ES","og_type":"article","og_title":"Giselle - Dijous de Lletres i Mots","og_description":"El maig participen al projecte LiceuBib, un projecte del Departament de Cultura, que, a trav\u00e9s del Servei de Biblioteques de la Direcci\u00f3 General de Cooperaci\u00f3 Cultural i el Gran Teatre del Liceu, col\u00b7laboren per facilitar que les biblioteques ofereixin clubs","og_url":"https:\/\/biblioteca.blanes.cat\/dijousdelletresimots\/giselle\/","og_site_name":"Dijous de Lletres i Mots","article_published_time":"2022-04-11T14:41:31+00:00","article_modified_time":"2022-04-11T14:45:18+00:00","og_image":[{"url":"https:\/\/images-na.ssl-images-amazon.com\/images\/I\/41eknuL1vHL._SX338_BO1,204,203,200_.jpg","type":"","width":"","height":""}],"author":"biblioblanes","twitter_card":"summary_large_image","twitter_creator":"@biblioblanes","twitter_misc":{"Escrit per":"biblioblanes","Temps estimat de lectura":"2 minuts"},"schema":{"@context":"https:\/\/schema.org","@graph":[{"@type":"Article","@id":"https:\/\/biblioteca.blanes.cat\/dijousdelletresimots\/giselle\/#article","isPartOf":{"@id":"https:\/\/biblioteca.blanes.cat\/dijousdelletresimots\/giselle\/"},"author":{"name":"biblioblanes","@id":"https:\/\/biblioteca.blanes.cat\/dijousdelletresimots\/#\/schema\/person\/5a7b46760d9dd611d098bbf571a341dc"},"headline":"Giselle","datePublished":"2022-04-11T14:41:31+00:00","dateModified":"2022-04-11T14:45:18+00:00","mainEntityOfPage":{"@id":"https:\/\/biblioteca.blanes.cat\/dijousdelletresimots\/giselle\/"},"wordCount":301,"commentCount":0,"image":{"@id":"https:\/\/biblioteca.blanes.cat\/dijousdelletresimots\/giselle\/#primaryimage"},"thumbnailUrl":"https:\/\/images-na.ssl-images-amazon.com\/images\/I\/41eknuL1vHL._SX338_BO1,204,203,200_.jpg","articleSection":["Lectures"],"inLanguage":"ca","potentialAction":[{"@type":"CommentAction","name":"Comment","target":["https:\/\/biblioteca.blanes.cat\/dijousdelletresimots\/giselle\/#respond"]}]},{"@type":"WebPage","@id":"https:\/\/biblioteca.blanes.cat\/dijousdelletresimots\/giselle\/","url":"https:\/\/biblioteca.blanes.cat\/dijousdelletresimots\/giselle\/","name":"Giselle - Dijous de Lletres i Mots","isPartOf":{"@id":"https:\/\/biblioteca.blanes.cat\/dijousdelletresimots\/#website"},"primaryImageOfPage":{"@id":"https:\/\/biblioteca.blanes.cat\/dijousdelletresimots\/giselle\/#primaryimage"},"image":{"@id":"https:\/\/biblioteca.blanes.cat\/dijousdelletresimots\/giselle\/#primaryimage"},"thumbnailUrl":"https:\/\/images-na.ssl-images-amazon.com\/images\/I\/41eknuL1vHL._SX338_BO1,204,203,200_.jpg","datePublished":"2022-04-11T14:41:31+00:00","dateModified":"2022-04-11T14:45:18+00:00","author":{"@id":"https:\/\/biblioteca.blanes.cat\/dijousdelletresimots\/#\/schema\/person\/5a7b46760d9dd611d098bbf571a341dc"},"breadcrumb":{"@id":"https:\/\/biblioteca.blanes.cat\/dijousdelletresimots\/giselle\/#breadcrumb"},"inLanguage":"ca","potentialAction":[{"@type":"ReadAction","target":["https:\/\/biblioteca.blanes.cat\/dijousdelletresimots\/giselle\/"]}]},{"@type":"ImageObject","inLanguage":"ca","@id":"https:\/\/biblioteca.blanes.cat\/dijousdelletresimots\/giselle\/#primaryimage","url":"https:\/\/images-na.ssl-images-amazon.com\/images\/I\/41eknuL1vHL._SX338_BO1,204,203,200_.jpg","contentUrl":"https:\/\/images-na.ssl-images-amazon.com\/images\/I\/41eknuL1vHL._SX338_BO1,204,203,200_.jpg"},{"@type":"BreadcrumbList","@id":"https:\/\/biblioteca.blanes.cat\/dijousdelletresimots\/giselle\/#breadcrumb","itemListElement":[{"@type":"ListItem","position":1,"name":"Inici","item":"https:\/\/biblioteca.blanes.cat\/dijousdelletresimots\/"},{"@type":"ListItem","position":2,"name":"Giselle"}]},{"@type":"WebSite","@id":"https:\/\/biblioteca.blanes.cat\/dijousdelletresimots\/#website","url":"https:\/\/biblioteca.blanes.cat\/dijousdelletresimots\/","name":"Dijous de Lletres i Mots","description":"","potentialAction":[{"@type":"SearchAction","target":{"@type":"EntryPoint","urlTemplate":"https:\/\/biblioteca.blanes.cat\/dijousdelletresimots\/?s={search_term_string}"},"query-input":{"@type":"PropertyValueSpecification","valueRequired":true,"valueName":"search_term_string"}}],"inLanguage":"ca"},{"@type":"Person","@id":"https:\/\/biblioteca.blanes.cat\/dijousdelletresimots\/#\/schema\/person\/5a7b46760d9dd611d098bbf571a341dc","name":"biblioblanes","image":{"@type":"ImageObject","inLanguage":"ca","@id":"https:\/\/secure.gravatar.com\/avatar\/6593ca6cc90e5a70939f51c95e8315483b9c281bafba597292bee47992030f99?s=96&d=mm&r=g","url":"https:\/\/secure.gravatar.com\/avatar\/6593ca6cc90e5a70939f51c95e8315483b9c281bafba597292bee47992030f99?s=96&d=mm&r=g","contentUrl":"https:\/\/secure.gravatar.com\/avatar\/6593ca6cc90e5a70939f51c95e8315483b9c281bafba597292bee47992030f99?s=96&d=mm&r=g","caption":"biblioblanes"},"sameAs":["http:\/\/www.bibgirona.cat\/biblioteca\/blanes","https:\/\/x.com\/biblioblanes"],"url":"https:\/\/biblioteca.blanes.cat\/dijousdelletresimots\/author\/biblioblanes\/"}]}},"_links":{"self":[{"href":"https:\/\/biblioteca.blanes.cat\/dijousdelletresimots\/wp-json\/wp\/v2\/posts\/295","targetHints":{"allow":["GET"]}}],"collection":[{"href":"https:\/\/biblioteca.blanes.cat\/dijousdelletresimots\/wp-json\/wp\/v2\/posts"}],"about":[{"href":"https:\/\/biblioteca.blanes.cat\/dijousdelletresimots\/wp-json\/wp\/v2\/types\/post"}],"author":[{"embeddable":true,"href":"https:\/\/biblioteca.blanes.cat\/dijousdelletresimots\/wp-json\/wp\/v2\/users\/4"}],"replies":[{"embeddable":true,"href":"https:\/\/biblioteca.blanes.cat\/dijousdelletresimots\/wp-json\/wp\/v2\/comments?post=295"}],"version-history":[{"count":3,"href":"https:\/\/biblioteca.blanes.cat\/dijousdelletresimots\/wp-json\/wp\/v2\/posts\/295\/revisions"}],"predecessor-version":[{"id":298,"href":"https:\/\/biblioteca.blanes.cat\/dijousdelletresimots\/wp-json\/wp\/v2\/posts\/295\/revisions\/298"}],"wp:attachment":[{"href":"https:\/\/biblioteca.blanes.cat\/dijousdelletresimots\/wp-json\/wp\/v2\/media?parent=295"}],"wp:term":[{"taxonomy":"category","embeddable":true,"href":"https:\/\/biblioteca.blanes.cat\/dijousdelletresimots\/wp-json\/wp\/v2\/categories?post=295"},{"taxonomy":"post_tag","embeddable":true,"href":"https:\/\/biblioteca.blanes.cat\/dijousdelletresimots\/wp-json\/wp\/v2\/tags?post=295"}],"curies":[{"name":"wp","href":"https:\/\/api.w.org\/{rel}","templated":true}]}}