{"id":289,"date":"2022-03-04T17:38:23","date_gmt":"2022-03-04T16:38:23","guid":{"rendered":"https:\/\/biblioteca.blanes.cat\/dijousdelletresimots\/?p=289"},"modified":"2022-04-11T15:46:49","modified_gmt":"2022-04-11T14:46:49","slug":"la-vida-juga-amb-mi-david-grossman","status":"publish","type":"post","link":"https:\/\/biblioteca.blanes.cat\/dijousdelletresimots\/la-vida-juga-amb-mi-david-grossman\/","title":{"rendered":"La vida juga amb mi, David Grossman"},"content":{"rendered":"\n<p>David Grossman (Jerusalem, 1954) \u00e9s un dels autors m\u00e9s importants de la literatura israeliana i un actiu pacifista que treballa pel di\u00e0leg entre israelians i palestins tot i la mort del seu fill, que va morir abatut durant una ofensiva d\u2019Israel al L\u00edban. Ha rebut premis arreu del m\u00f3n, com el de la Pau dels Llibreters Alemanys o el M\u00e9dicis, i \u00e9s un dels candidats al Premi Nobel. Com expliquen al diari <a href=\"https:\/\/www.larepublica.cat\/altres-categories\/llibres\/david-grossman-tan-el-dolor-com-lesperanca-son-un-bon-motor-per-la-literatura\/\">La Rep\u00fablica<\/a>:<\/p>\n\n\n\n<p><em>Grossman traspassa en aquesta intensa i emotiva novel\u00b7la les fronteres f\u00edsiques d\u2019Israel per a traslladar-nos a l\u2019antiga Iugosl\u00e0via de Tito a trav\u00e9s de &nbsp;la hist\u00f2ria de la Vera i la seva fam\u00edlia i com aquells fets del passat han condicionat les vides no nom\u00e9s de la mateixa Vera, la Nina i la Guili (avia, filla i neta), sin\u00f3 tamb\u00e9 de tot el seu entorn.<\/em><\/p>\n\n\n\n<p><em>El passat, que sempre \u00e9s all\u00e0 retorna en motiu del norant\u00e8 aniversari de la Vera, quan es troba tota la fam\u00edlia, carregada amb les seves motxilles de ren\u00fancies, decepcions, incomprensions i vides profundament ferides. Es retroben la Vera, que va abandonar la seva filla, i la Nina que tamb\u00e9 va abandonar la Guili i el passat es torna a fer present i pren el protagonisme del relat. La Nina vol que la seva mare li expliqui qu\u00e8 va passar a Iugosl\u00e0via durant la primera part de la seva vida, i perqu\u00e8 la va abandonar als sis anys, i la fam\u00edlia empren un viatge al lloc que va marcar el futur de les tres dones.<\/em><\/p>\n\n\n\n<p><em>Per a escriure aquest hist\u00f2ria David Grossman es va inspirar en la vida real d\u2019Eva Panic. \u201cVaig rebre una trucada telef\u00f2nica, es va presentar i em va comen\u00e7ar a explicar la seva vida\u201d, diu Grossman. Quan el seu marit va morir en un interrogatori de Tito, li van demanar que declar\u00e9s que era un tra\u00efdor. Ella s\u2019hi va negar i va ser internada al camp de Goli Otok, on acabarien morint m\u00e9s de 5000 persones. \u201cVa escollir ser lleial al seu marit, per\u00f2 va trair la seva filla, que es va quedar sense pare ni mare\u201d.<\/em><\/p>\n\n\n\n<p><em>Grossman tracta d\u2019entendre com es va sentir en aquell dilema moral, qu\u00e8 la va portar, de fet, a trair la seva filla. \u201cNo puc dir que fora el correcte, per\u00f2 s\u00ed que va actuar en una \u00e8poca en qu\u00e8 els s\u00edmbols, les ideologies, eren molt importants per les persones\u201d. Reconeix que Eva \u201cmant\u00e9 la seva dignitat com a \u00e9sser hum\u00e0, no va trair ni es va trair a si mateixa\u201d. Pel tracte que van tenir, quan li explicava la seva hist\u00f2ria, era \u201cs\u00f2lida com una roca. No es volia vendre a cap preu\u201d.<\/em><\/p>\n\n\n\n<p>A m\u00e9s, comptarem amb la pres\u00e8ncia de la traductora del llibre, la Roser Lluch i Oms, escriptora i una de les principals traductores de l&#8217;hebreu al catal\u00e0 i al castell\u00e0.<\/p>\n\n\n\n<p>Per a complementar aquesta lectura hem preparat<a href=\"https:\/\/www.bibgirona.cat\/assets\/documents\/000\/449\/342\/la_vida_juga_amb_mi_-_traductores.pdf\"> un d\u00edptic<\/a> relacionat amb la visita que rebrem i amb el Dia Internacional de les Dones. <\/p>\n\n\n\n<p>Gaudiu de la lectura!<\/p>\n","protected":false},"excerpt":{"rendered":"<p>David Grossman (Jerusalem, 1954) \u00e9s un dels autors m\u00e9s importants de la literatura israeliana i un actiu pacifista que treballa pel di\u00e0leg entre israelians i palestins tot i la mort del seu fill, que va morir abatut durant una ofensiva<\/p>\n","protected":false},"author":4,"featured_media":0,"comment_status":"open","ping_status":"open","sticky":false,"template":"","format":"standard","meta":{"sfsi_plus_gutenberg_text_before_share":"","sfsi_plus_gutenberg_show_text_before_share":"","sfsi_plus_gutenberg_icon_type":"","sfsi_plus_gutenberg_icon_alignemt":"","sfsi_plus_gutenburg_max_per_row":"","footnotes":""},"categories":[9],"tags":[],"class_list":["post-289","post","type-post","status-publish","format-standard","hentry","category-lectures"],"yoast_head":"<!-- This site is optimized with the Yoast SEO plugin v27.5 - https:\/\/yoast.com\/product\/yoast-seo-wordpress\/ -->\n<title>La vida juga amb mi, David Grossman - Dijous de Lletres i Mots<\/title>\n<meta name=\"robots\" content=\"index, follow, max-snippet:-1, max-image-preview:large, max-video-preview:-1\" \/>\n<link rel=\"canonical\" href=\"https:\/\/biblioteca.blanes.cat\/dijousdelletresimots\/la-vida-juga-amb-mi-david-grossman\/\" \/>\n<meta property=\"og:locale\" content=\"ca_ES\" \/>\n<meta property=\"og:type\" content=\"article\" \/>\n<meta property=\"og:title\" content=\"La vida juga amb mi, David Grossman - Dijous de Lletres i Mots\" \/>\n<meta property=\"og:description\" content=\"David Grossman (Jerusalem, 1954) \u00e9s un dels autors m\u00e9s importants de la literatura israeliana i un actiu pacifista que treballa pel di\u00e0leg entre israelians i palestins tot i la mort del seu fill, que va morir abatut durant una ofensiva\" \/>\n<meta property=\"og:url\" content=\"https:\/\/biblioteca.blanes.cat\/dijousdelletresimots\/la-vida-juga-amb-mi-david-grossman\/\" \/>\n<meta property=\"og:site_name\" content=\"Dijous de Lletres i Mots\" \/>\n<meta property=\"article:published_time\" content=\"2022-03-04T16:38:23+00:00\" \/>\n<meta property=\"article:modified_time\" content=\"2022-04-11T14:46:49+00:00\" \/>\n<meta name=\"author\" content=\"biblioblanes\" \/>\n<meta name=\"twitter:card\" content=\"summary_large_image\" \/>\n<meta name=\"twitter:creator\" content=\"@biblioblanes\" \/>\n<meta name=\"twitter:label1\" content=\"Escrit per\" \/>\n\t<meta name=\"twitter:data1\" content=\"biblioblanes\" \/>\n\t<meta name=\"twitter:label2\" content=\"Temps estimat de lectura\" \/>\n\t<meta name=\"twitter:data2\" content=\"3 minuts\" \/>\n<script type=\"application\/ld+json\" class=\"yoast-schema-graph\">{\"@context\":\"https:\\\/\\\/schema.org\",\"@graph\":[{\"@type\":\"Article\",\"@id\":\"https:\\\/\\\/biblioteca.blanes.cat\\\/dijousdelletresimots\\\/la-vida-juga-amb-mi-david-grossman\\\/#article\",\"isPartOf\":{\"@id\":\"https:\\\/\\\/biblioteca.blanes.cat\\\/dijousdelletresimots\\\/la-vida-juga-amb-mi-david-grossman\\\/\"},\"author\":{\"name\":\"biblioblanes\",\"@id\":\"https:\\\/\\\/biblioteca.blanes.cat\\\/dijousdelletresimots\\\/#\\\/schema\\\/person\\\/5a7b46760d9dd611d098bbf571a341dc\"},\"headline\":\"La vida juga amb mi, David Grossman\",\"datePublished\":\"2022-03-04T16:38:23+00:00\",\"dateModified\":\"2022-04-11T14:46:49+00:00\",\"mainEntityOfPage\":{\"@id\":\"https:\\\/\\\/biblioteca.blanes.cat\\\/dijousdelletresimots\\\/la-vida-juga-amb-mi-david-grossman\\\/\"},\"wordCount\":540,\"commentCount\":0,\"articleSection\":[\"Lectures\"],\"inLanguage\":\"ca\",\"potentialAction\":[{\"@type\":\"CommentAction\",\"name\":\"Comment\",\"target\":[\"https:\\\/\\\/biblioteca.blanes.cat\\\/dijousdelletresimots\\\/la-vida-juga-amb-mi-david-grossman\\\/#respond\"]}]},{\"@type\":\"WebPage\",\"@id\":\"https:\\\/\\\/biblioteca.blanes.cat\\\/dijousdelletresimots\\\/la-vida-juga-amb-mi-david-grossman\\\/\",\"url\":\"https:\\\/\\\/biblioteca.blanes.cat\\\/dijousdelletresimots\\\/la-vida-juga-amb-mi-david-grossman\\\/\",\"name\":\"La vida juga amb mi, David Grossman - Dijous de Lletres i Mots\",\"isPartOf\":{\"@id\":\"https:\\\/\\\/biblioteca.blanes.cat\\\/dijousdelletresimots\\\/#website\"},\"datePublished\":\"2022-03-04T16:38:23+00:00\",\"dateModified\":\"2022-04-11T14:46:49+00:00\",\"author\":{\"@id\":\"https:\\\/\\\/biblioteca.blanes.cat\\\/dijousdelletresimots\\\/#\\\/schema\\\/person\\\/5a7b46760d9dd611d098bbf571a341dc\"},\"breadcrumb\":{\"@id\":\"https:\\\/\\\/biblioteca.blanes.cat\\\/dijousdelletresimots\\\/la-vida-juga-amb-mi-david-grossman\\\/#breadcrumb\"},\"inLanguage\":\"ca\",\"potentialAction\":[{\"@type\":\"ReadAction\",\"target\":[\"https:\\\/\\\/biblioteca.blanes.cat\\\/dijousdelletresimots\\\/la-vida-juga-amb-mi-david-grossman\\\/\"]}]},{\"@type\":\"BreadcrumbList\",\"@id\":\"https:\\\/\\\/biblioteca.blanes.cat\\\/dijousdelletresimots\\\/la-vida-juga-amb-mi-david-grossman\\\/#breadcrumb\",\"itemListElement\":[{\"@type\":\"ListItem\",\"position\":1,\"name\":\"Inici\",\"item\":\"https:\\\/\\\/biblioteca.blanes.cat\\\/dijousdelletresimots\\\/\"},{\"@type\":\"ListItem\",\"position\":2,\"name\":\"La vida juga amb mi, David Grossman\"}]},{\"@type\":\"WebSite\",\"@id\":\"https:\\\/\\\/biblioteca.blanes.cat\\\/dijousdelletresimots\\\/#website\",\"url\":\"https:\\\/\\\/biblioteca.blanes.cat\\\/dijousdelletresimots\\\/\",\"name\":\"Dijous de Lletres i Mots\",\"description\":\"\",\"potentialAction\":[{\"@type\":\"SearchAction\",\"target\":{\"@type\":\"EntryPoint\",\"urlTemplate\":\"https:\\\/\\\/biblioteca.blanes.cat\\\/dijousdelletresimots\\\/?s={search_term_string}\"},\"query-input\":{\"@type\":\"PropertyValueSpecification\",\"valueRequired\":true,\"valueName\":\"search_term_string\"}}],\"inLanguage\":\"ca\"},{\"@type\":\"Person\",\"@id\":\"https:\\\/\\\/biblioteca.blanes.cat\\\/dijousdelletresimots\\\/#\\\/schema\\\/person\\\/5a7b46760d9dd611d098bbf571a341dc\",\"name\":\"biblioblanes\",\"image\":{\"@type\":\"ImageObject\",\"inLanguage\":\"ca\",\"@id\":\"https:\\\/\\\/secure.gravatar.com\\\/avatar\\\/6593ca6cc90e5a70939f51c95e8315483b9c281bafba597292bee47992030f99?s=96&d=mm&r=g\",\"url\":\"https:\\\/\\\/secure.gravatar.com\\\/avatar\\\/6593ca6cc90e5a70939f51c95e8315483b9c281bafba597292bee47992030f99?s=96&d=mm&r=g\",\"contentUrl\":\"https:\\\/\\\/secure.gravatar.com\\\/avatar\\\/6593ca6cc90e5a70939f51c95e8315483b9c281bafba597292bee47992030f99?s=96&d=mm&r=g\",\"caption\":\"biblioblanes\"},\"sameAs\":[\"http:\\\/\\\/www.bibgirona.cat\\\/biblioteca\\\/blanes\",\"https:\\\/\\\/x.com\\\/biblioblanes\"],\"url\":\"https:\\\/\\\/biblioteca.blanes.cat\\\/dijousdelletresimots\\\/author\\\/biblioblanes\\\/\"}]}<\/script>\n<!-- \/ Yoast SEO plugin. -->","yoast_head_json":{"title":"La vida juga amb mi, David Grossman - Dijous de Lletres i Mots","robots":{"index":"index","follow":"follow","max-snippet":"max-snippet:-1","max-image-preview":"max-image-preview:large","max-video-preview":"max-video-preview:-1"},"canonical":"https:\/\/biblioteca.blanes.cat\/dijousdelletresimots\/la-vida-juga-amb-mi-david-grossman\/","og_locale":"ca_ES","og_type":"article","og_title":"La vida juga amb mi, David Grossman - Dijous de Lletres i Mots","og_description":"David Grossman (Jerusalem, 1954) \u00e9s un dels autors m\u00e9s importants de la literatura israeliana i un actiu pacifista que treballa pel di\u00e0leg entre israelians i palestins tot i la mort del seu fill, que va morir abatut durant una ofensiva","og_url":"https:\/\/biblioteca.blanes.cat\/dijousdelletresimots\/la-vida-juga-amb-mi-david-grossman\/","og_site_name":"Dijous de Lletres i Mots","article_published_time":"2022-03-04T16:38:23+00:00","article_modified_time":"2022-04-11T14:46:49+00:00","author":"biblioblanes","twitter_card":"summary_large_image","twitter_creator":"@biblioblanes","twitter_misc":{"Escrit per":"biblioblanes","Temps estimat de lectura":"3 minuts"},"schema":{"@context":"https:\/\/schema.org","@graph":[{"@type":"Article","@id":"https:\/\/biblioteca.blanes.cat\/dijousdelletresimots\/la-vida-juga-amb-mi-david-grossman\/#article","isPartOf":{"@id":"https:\/\/biblioteca.blanes.cat\/dijousdelletresimots\/la-vida-juga-amb-mi-david-grossman\/"},"author":{"name":"biblioblanes","@id":"https:\/\/biblioteca.blanes.cat\/dijousdelletresimots\/#\/schema\/person\/5a7b46760d9dd611d098bbf571a341dc"},"headline":"La vida juga amb mi, David Grossman","datePublished":"2022-03-04T16:38:23+00:00","dateModified":"2022-04-11T14:46:49+00:00","mainEntityOfPage":{"@id":"https:\/\/biblioteca.blanes.cat\/dijousdelletresimots\/la-vida-juga-amb-mi-david-grossman\/"},"wordCount":540,"commentCount":0,"articleSection":["Lectures"],"inLanguage":"ca","potentialAction":[{"@type":"CommentAction","name":"Comment","target":["https:\/\/biblioteca.blanes.cat\/dijousdelletresimots\/la-vida-juga-amb-mi-david-grossman\/#respond"]}]},{"@type":"WebPage","@id":"https:\/\/biblioteca.blanes.cat\/dijousdelletresimots\/la-vida-juga-amb-mi-david-grossman\/","url":"https:\/\/biblioteca.blanes.cat\/dijousdelletresimots\/la-vida-juga-amb-mi-david-grossman\/","name":"La vida juga amb mi, David Grossman - Dijous de Lletres i Mots","isPartOf":{"@id":"https:\/\/biblioteca.blanes.cat\/dijousdelletresimots\/#website"},"datePublished":"2022-03-04T16:38:23+00:00","dateModified":"2022-04-11T14:46:49+00:00","author":{"@id":"https:\/\/biblioteca.blanes.cat\/dijousdelletresimots\/#\/schema\/person\/5a7b46760d9dd611d098bbf571a341dc"},"breadcrumb":{"@id":"https:\/\/biblioteca.blanes.cat\/dijousdelletresimots\/la-vida-juga-amb-mi-david-grossman\/#breadcrumb"},"inLanguage":"ca","potentialAction":[{"@type":"ReadAction","target":["https:\/\/biblioteca.blanes.cat\/dijousdelletresimots\/la-vida-juga-amb-mi-david-grossman\/"]}]},{"@type":"BreadcrumbList","@id":"https:\/\/biblioteca.blanes.cat\/dijousdelletresimots\/la-vida-juga-amb-mi-david-grossman\/#breadcrumb","itemListElement":[{"@type":"ListItem","position":1,"name":"Inici","item":"https:\/\/biblioteca.blanes.cat\/dijousdelletresimots\/"},{"@type":"ListItem","position":2,"name":"La vida juga amb mi, David Grossman"}]},{"@type":"WebSite","@id":"https:\/\/biblioteca.blanes.cat\/dijousdelletresimots\/#website","url":"https:\/\/biblioteca.blanes.cat\/dijousdelletresimots\/","name":"Dijous de Lletres i Mots","description":"","potentialAction":[{"@type":"SearchAction","target":{"@type":"EntryPoint","urlTemplate":"https:\/\/biblioteca.blanes.cat\/dijousdelletresimots\/?s={search_term_string}"},"query-input":{"@type":"PropertyValueSpecification","valueRequired":true,"valueName":"search_term_string"}}],"inLanguage":"ca"},{"@type":"Person","@id":"https:\/\/biblioteca.blanes.cat\/dijousdelletresimots\/#\/schema\/person\/5a7b46760d9dd611d098bbf571a341dc","name":"biblioblanes","image":{"@type":"ImageObject","inLanguage":"ca","@id":"https:\/\/secure.gravatar.com\/avatar\/6593ca6cc90e5a70939f51c95e8315483b9c281bafba597292bee47992030f99?s=96&d=mm&r=g","url":"https:\/\/secure.gravatar.com\/avatar\/6593ca6cc90e5a70939f51c95e8315483b9c281bafba597292bee47992030f99?s=96&d=mm&r=g","contentUrl":"https:\/\/secure.gravatar.com\/avatar\/6593ca6cc90e5a70939f51c95e8315483b9c281bafba597292bee47992030f99?s=96&d=mm&r=g","caption":"biblioblanes"},"sameAs":["http:\/\/www.bibgirona.cat\/biblioteca\/blanes","https:\/\/x.com\/biblioblanes"],"url":"https:\/\/biblioteca.blanes.cat\/dijousdelletresimots\/author\/biblioblanes\/"}]}},"_links":{"self":[{"href":"https:\/\/biblioteca.blanes.cat\/dijousdelletresimots\/wp-json\/wp\/v2\/posts\/289","targetHints":{"allow":["GET"]}}],"collection":[{"href":"https:\/\/biblioteca.blanes.cat\/dijousdelletresimots\/wp-json\/wp\/v2\/posts"}],"about":[{"href":"https:\/\/biblioteca.blanes.cat\/dijousdelletresimots\/wp-json\/wp\/v2\/types\/post"}],"author":[{"embeddable":true,"href":"https:\/\/biblioteca.blanes.cat\/dijousdelletresimots\/wp-json\/wp\/v2\/users\/4"}],"replies":[{"embeddable":true,"href":"https:\/\/biblioteca.blanes.cat\/dijousdelletresimots\/wp-json\/wp\/v2\/comments?post=289"}],"version-history":[{"count":2,"href":"https:\/\/biblioteca.blanes.cat\/dijousdelletresimots\/wp-json\/wp\/v2\/posts\/289\/revisions"}],"predecessor-version":[{"id":299,"href":"https:\/\/biblioteca.blanes.cat\/dijousdelletresimots\/wp-json\/wp\/v2\/posts\/289\/revisions\/299"}],"wp:attachment":[{"href":"https:\/\/biblioteca.blanes.cat\/dijousdelletresimots\/wp-json\/wp\/v2\/media?parent=289"}],"wp:term":[{"taxonomy":"category","embeddable":true,"href":"https:\/\/biblioteca.blanes.cat\/dijousdelletresimots\/wp-json\/wp\/v2\/categories?post=289"},{"taxonomy":"post_tag","embeddable":true,"href":"https:\/\/biblioteca.blanes.cat\/dijousdelletresimots\/wp-json\/wp\/v2\/tags?post=289"}],"curies":[{"name":"wp","href":"https:\/\/api.w.org\/{rel}","templated":true}]}}