{"id":279,"date":"2022-02-04T15:31:13","date_gmt":"2022-02-04T14:31:13","guid":{"rendered":"https:\/\/biblioteca.blanes.cat\/dijousdelletresimots\/?p=279"},"modified":"2022-02-04T15:31:14","modified_gmt":"2022-02-04T14:31:14","slug":"ahir-agota-kristof","status":"publish","type":"post","link":"https:\/\/biblioteca.blanes.cat\/dijousdelletresimots\/ahir-agota-kristof\/","title":{"rendered":"Ahir, Agota Kristof"},"content":{"rendered":"\n<p>El m\u00e9s vinent llegirem una obra que \u00e9s un relat po\u00e8tic i pertorbador de la realitat urbana. Ahir narra la vida d\u2019en Sandor Lester, un exiliat hongar\u00e8s que dia rere dia repr\u00e8n la rutina de la seva vida: pujar a l\u2019autob\u00fas, fitxar a la f\u00e0brica, seure davant la m\u00e0quina i foradar infinites vegades\u2026 sempre el mateix forat, sempre la mateixa pe\u00e7a. En Sandor \u00e9s un exiliat solitari i gaireb\u00e9 sense amics. Els dissabtes va a casa de la Yolande: \u00abElla cuina i jo porto el vi. No hi ha amor entre nosaltres\u00bb. En Sandor no sap si treballa per viure o viu per treballar i, el poc temps lliure que li queda, el passa escrivint i somiant en una altra vida, la d\u2019un gran escriptor. I tamb\u00e9 pensa en la Line, la dona perfecta. Un mat\u00ed, a l\u2019autob\u00fas que el porta a la feina, apareix la Line en carn i ossos; no la seva invenci\u00f3 idealitzada, sin\u00f3 la de deb\u00f2, que torna com un fantasma de la infantesa. Ahir \u00e9s un conte de fades s\u00f2rdid, en qu\u00e8 la prosa seca i austera d\u2019Agota Kristof \u00e9s el vehicle per a la fragilitat d\u2019uns anhels m\u00e9s propers al somni que a la realitat.<\/p>\n\n\n\n<div class=\"wp-block-image\"><figure class=\"aligncenter is-resized\"><img decoding=\"async\" src=\"https:\/\/descriu.org\/wp-content\/uploads\/2019\/04\/ahir.jpg\" alt=\"\" width=\"147\" height=\"215\"\/><\/figure><\/div>\n\n\n\n<p>Per acompanyar la lectura, hem preparat <a href=\"https:\/\/www.bibgirona.cat\/assets\/documents\/000\/447\/183\/ahir_-_desesperan%C3%A7a_1.pdf\">un d\u00edptic<\/a> amb una s\u00e8rie de llibres que mantenen l&#8217;ess\u00e8ncia d&#8217;Ahir, esperem que us agradi!<\/p>\n","protected":false},"excerpt":{"rendered":"<p>El m\u00e9s vinent llegirem una obra que \u00e9s un relat po\u00e8tic i pertorbador de la realitat urbana. Ahir narra la vida d\u2019en Sandor Lester, un exiliat hongar\u00e8s que dia rere dia repr\u00e8n la rutina de la seva vida: pujar a<\/p>\n","protected":false},"author":4,"featured_media":0,"comment_status":"open","ping_status":"open","sticky":false,"template":"","format":"standard","meta":{"sfsi_plus_gutenberg_text_before_share":"","sfsi_plus_gutenberg_show_text_before_share":"","sfsi_plus_gutenberg_icon_type":"","sfsi_plus_gutenberg_icon_alignemt":"","sfsi_plus_gutenburg_max_per_row":"","footnotes":""},"categories":[1],"tags":[],"class_list":["post-279","post","type-post","status-publish","format-standard","hentry","category-general"],"yoast_head":"<!-- This site is optimized with the Yoast SEO plugin v27.5 - https:\/\/yoast.com\/product\/yoast-seo-wordpress\/ -->\n<title>Ahir, Agota Kristof - Dijous de Lletres i Mots<\/title>\n<meta name=\"robots\" content=\"index, follow, max-snippet:-1, max-image-preview:large, max-video-preview:-1\" \/>\n<link rel=\"canonical\" href=\"https:\/\/biblioteca.blanes.cat\/dijousdelletresimots\/ahir-agota-kristof\/\" \/>\n<meta property=\"og:locale\" content=\"ca_ES\" \/>\n<meta property=\"og:type\" content=\"article\" \/>\n<meta property=\"og:title\" content=\"Ahir, Agota Kristof - Dijous de Lletres i Mots\" \/>\n<meta property=\"og:description\" content=\"El m\u00e9s vinent llegirem una obra que \u00e9s un relat po\u00e8tic i pertorbador de la realitat urbana. Ahir narra la vida d\u2019en Sandor Lester, un exiliat hongar\u00e8s que dia rere dia repr\u00e8n la rutina de la seva vida: pujar a\" \/>\n<meta property=\"og:url\" content=\"https:\/\/biblioteca.blanes.cat\/dijousdelletresimots\/ahir-agota-kristof\/\" \/>\n<meta property=\"og:site_name\" content=\"Dijous de Lletres i Mots\" \/>\n<meta property=\"article:published_time\" content=\"2022-02-04T14:31:13+00:00\" \/>\n<meta property=\"article:modified_time\" content=\"2022-02-04T14:31:14+00:00\" \/>\n<meta property=\"og:image\" content=\"https:\/\/descriu.org\/wp-content\/uploads\/2019\/04\/ahir.jpg\" \/>\n<meta name=\"author\" content=\"biblioblanes\" \/>\n<meta name=\"twitter:card\" content=\"summary_large_image\" \/>\n<meta name=\"twitter:creator\" content=\"@biblioblanes\" \/>\n<meta name=\"twitter:label1\" content=\"Escrit per\" \/>\n\t<meta name=\"twitter:data1\" content=\"biblioblanes\" \/>\n\t<meta name=\"twitter:label2\" content=\"Temps estimat de lectura\" \/>\n\t<meta name=\"twitter:data2\" content=\"2 minuts\" \/>\n<script type=\"application\/ld+json\" class=\"yoast-schema-graph\">{\"@context\":\"https:\\\/\\\/schema.org\",\"@graph\":[{\"@type\":\"Article\",\"@id\":\"https:\\\/\\\/biblioteca.blanes.cat\\\/dijousdelletresimots\\\/ahir-agota-kristof\\\/#article\",\"isPartOf\":{\"@id\":\"https:\\\/\\\/biblioteca.blanes.cat\\\/dijousdelletresimots\\\/ahir-agota-kristof\\\/\"},\"author\":{\"name\":\"biblioblanes\",\"@id\":\"https:\\\/\\\/biblioteca.blanes.cat\\\/dijousdelletresimots\\\/#\\\/schema\\\/person\\\/5a7b46760d9dd611d098bbf571a341dc\"},\"headline\":\"Ahir, Agota Kristof\",\"datePublished\":\"2022-02-04T14:31:13+00:00\",\"dateModified\":\"2022-02-04T14:31:14+00:00\",\"mainEntityOfPage\":{\"@id\":\"https:\\\/\\\/biblioteca.blanes.cat\\\/dijousdelletresimots\\\/ahir-agota-kristof\\\/\"},\"wordCount\":247,\"commentCount\":0,\"image\":{\"@id\":\"https:\\\/\\\/biblioteca.blanes.cat\\\/dijousdelletresimots\\\/ahir-agota-kristof\\\/#primaryimage\"},\"thumbnailUrl\":\"https:\\\/\\\/descriu.org\\\/wp-content\\\/uploads\\\/2019\\\/04\\\/ahir.jpg\",\"articleSection\":[\"Trobades\"],\"inLanguage\":\"ca\",\"potentialAction\":[{\"@type\":\"CommentAction\",\"name\":\"Comment\",\"target\":[\"https:\\\/\\\/biblioteca.blanes.cat\\\/dijousdelletresimots\\\/ahir-agota-kristof\\\/#respond\"]}]},{\"@type\":\"WebPage\",\"@id\":\"https:\\\/\\\/biblioteca.blanes.cat\\\/dijousdelletresimots\\\/ahir-agota-kristof\\\/\",\"url\":\"https:\\\/\\\/biblioteca.blanes.cat\\\/dijousdelletresimots\\\/ahir-agota-kristof\\\/\",\"name\":\"Ahir, Agota Kristof - Dijous de Lletres i Mots\",\"isPartOf\":{\"@id\":\"https:\\\/\\\/biblioteca.blanes.cat\\\/dijousdelletresimots\\\/#website\"},\"primaryImageOfPage\":{\"@id\":\"https:\\\/\\\/biblioteca.blanes.cat\\\/dijousdelletresimots\\\/ahir-agota-kristof\\\/#primaryimage\"},\"image\":{\"@id\":\"https:\\\/\\\/biblioteca.blanes.cat\\\/dijousdelletresimots\\\/ahir-agota-kristof\\\/#primaryimage\"},\"thumbnailUrl\":\"https:\\\/\\\/descriu.org\\\/wp-content\\\/uploads\\\/2019\\\/04\\\/ahir.jpg\",\"datePublished\":\"2022-02-04T14:31:13+00:00\",\"dateModified\":\"2022-02-04T14:31:14+00:00\",\"author\":{\"@id\":\"https:\\\/\\\/biblioteca.blanes.cat\\\/dijousdelletresimots\\\/#\\\/schema\\\/person\\\/5a7b46760d9dd611d098bbf571a341dc\"},\"breadcrumb\":{\"@id\":\"https:\\\/\\\/biblioteca.blanes.cat\\\/dijousdelletresimots\\\/ahir-agota-kristof\\\/#breadcrumb\"},\"inLanguage\":\"ca\",\"potentialAction\":[{\"@type\":\"ReadAction\",\"target\":[\"https:\\\/\\\/biblioteca.blanes.cat\\\/dijousdelletresimots\\\/ahir-agota-kristof\\\/\"]}]},{\"@type\":\"ImageObject\",\"inLanguage\":\"ca\",\"@id\":\"https:\\\/\\\/biblioteca.blanes.cat\\\/dijousdelletresimots\\\/ahir-agota-kristof\\\/#primaryimage\",\"url\":\"https:\\\/\\\/descriu.org\\\/wp-content\\\/uploads\\\/2019\\\/04\\\/ahir.jpg\",\"contentUrl\":\"https:\\\/\\\/descriu.org\\\/wp-content\\\/uploads\\\/2019\\\/04\\\/ahir.jpg\"},{\"@type\":\"BreadcrumbList\",\"@id\":\"https:\\\/\\\/biblioteca.blanes.cat\\\/dijousdelletresimots\\\/ahir-agota-kristof\\\/#breadcrumb\",\"itemListElement\":[{\"@type\":\"ListItem\",\"position\":1,\"name\":\"Inici\",\"item\":\"https:\\\/\\\/biblioteca.blanes.cat\\\/dijousdelletresimots\\\/\"},{\"@type\":\"ListItem\",\"position\":2,\"name\":\"Ahir, Agota Kristof\"}]},{\"@type\":\"WebSite\",\"@id\":\"https:\\\/\\\/biblioteca.blanes.cat\\\/dijousdelletresimots\\\/#website\",\"url\":\"https:\\\/\\\/biblioteca.blanes.cat\\\/dijousdelletresimots\\\/\",\"name\":\"Dijous de Lletres i Mots\",\"description\":\"\",\"potentialAction\":[{\"@type\":\"SearchAction\",\"target\":{\"@type\":\"EntryPoint\",\"urlTemplate\":\"https:\\\/\\\/biblioteca.blanes.cat\\\/dijousdelletresimots\\\/?s={search_term_string}\"},\"query-input\":{\"@type\":\"PropertyValueSpecification\",\"valueRequired\":true,\"valueName\":\"search_term_string\"}}],\"inLanguage\":\"ca\"},{\"@type\":\"Person\",\"@id\":\"https:\\\/\\\/biblioteca.blanes.cat\\\/dijousdelletresimots\\\/#\\\/schema\\\/person\\\/5a7b46760d9dd611d098bbf571a341dc\",\"name\":\"biblioblanes\",\"image\":{\"@type\":\"ImageObject\",\"inLanguage\":\"ca\",\"@id\":\"https:\\\/\\\/secure.gravatar.com\\\/avatar\\\/6593ca6cc90e5a70939f51c95e8315483b9c281bafba597292bee47992030f99?s=96&d=mm&r=g\",\"url\":\"https:\\\/\\\/secure.gravatar.com\\\/avatar\\\/6593ca6cc90e5a70939f51c95e8315483b9c281bafba597292bee47992030f99?s=96&d=mm&r=g\",\"contentUrl\":\"https:\\\/\\\/secure.gravatar.com\\\/avatar\\\/6593ca6cc90e5a70939f51c95e8315483b9c281bafba597292bee47992030f99?s=96&d=mm&r=g\",\"caption\":\"biblioblanes\"},\"sameAs\":[\"http:\\\/\\\/www.bibgirona.cat\\\/biblioteca\\\/blanes\",\"https:\\\/\\\/x.com\\\/biblioblanes\"],\"url\":\"https:\\\/\\\/biblioteca.blanes.cat\\\/dijousdelletresimots\\\/author\\\/biblioblanes\\\/\"}]}<\/script>\n<!-- \/ Yoast SEO plugin. -->","yoast_head_json":{"title":"Ahir, Agota Kristof - Dijous de Lletres i Mots","robots":{"index":"index","follow":"follow","max-snippet":"max-snippet:-1","max-image-preview":"max-image-preview:large","max-video-preview":"max-video-preview:-1"},"canonical":"https:\/\/biblioteca.blanes.cat\/dijousdelletresimots\/ahir-agota-kristof\/","og_locale":"ca_ES","og_type":"article","og_title":"Ahir, Agota Kristof - Dijous de Lletres i Mots","og_description":"El m\u00e9s vinent llegirem una obra que \u00e9s un relat po\u00e8tic i pertorbador de la realitat urbana. Ahir narra la vida d\u2019en Sandor Lester, un exiliat hongar\u00e8s que dia rere dia repr\u00e8n la rutina de la seva vida: pujar a","og_url":"https:\/\/biblioteca.blanes.cat\/dijousdelletresimots\/ahir-agota-kristof\/","og_site_name":"Dijous de Lletres i Mots","article_published_time":"2022-02-04T14:31:13+00:00","article_modified_time":"2022-02-04T14:31:14+00:00","og_image":[{"url":"https:\/\/descriu.org\/wp-content\/uploads\/2019\/04\/ahir.jpg","type":"","width":"","height":""}],"author":"biblioblanes","twitter_card":"summary_large_image","twitter_creator":"@biblioblanes","twitter_misc":{"Escrit per":"biblioblanes","Temps estimat de lectura":"2 minuts"},"schema":{"@context":"https:\/\/schema.org","@graph":[{"@type":"Article","@id":"https:\/\/biblioteca.blanes.cat\/dijousdelletresimots\/ahir-agota-kristof\/#article","isPartOf":{"@id":"https:\/\/biblioteca.blanes.cat\/dijousdelletresimots\/ahir-agota-kristof\/"},"author":{"name":"biblioblanes","@id":"https:\/\/biblioteca.blanes.cat\/dijousdelletresimots\/#\/schema\/person\/5a7b46760d9dd611d098bbf571a341dc"},"headline":"Ahir, Agota Kristof","datePublished":"2022-02-04T14:31:13+00:00","dateModified":"2022-02-04T14:31:14+00:00","mainEntityOfPage":{"@id":"https:\/\/biblioteca.blanes.cat\/dijousdelletresimots\/ahir-agota-kristof\/"},"wordCount":247,"commentCount":0,"image":{"@id":"https:\/\/biblioteca.blanes.cat\/dijousdelletresimots\/ahir-agota-kristof\/#primaryimage"},"thumbnailUrl":"https:\/\/descriu.org\/wp-content\/uploads\/2019\/04\/ahir.jpg","articleSection":["Trobades"],"inLanguage":"ca","potentialAction":[{"@type":"CommentAction","name":"Comment","target":["https:\/\/biblioteca.blanes.cat\/dijousdelletresimots\/ahir-agota-kristof\/#respond"]}]},{"@type":"WebPage","@id":"https:\/\/biblioteca.blanes.cat\/dijousdelletresimots\/ahir-agota-kristof\/","url":"https:\/\/biblioteca.blanes.cat\/dijousdelletresimots\/ahir-agota-kristof\/","name":"Ahir, Agota Kristof - Dijous de Lletres i Mots","isPartOf":{"@id":"https:\/\/biblioteca.blanes.cat\/dijousdelletresimots\/#website"},"primaryImageOfPage":{"@id":"https:\/\/biblioteca.blanes.cat\/dijousdelletresimots\/ahir-agota-kristof\/#primaryimage"},"image":{"@id":"https:\/\/biblioteca.blanes.cat\/dijousdelletresimots\/ahir-agota-kristof\/#primaryimage"},"thumbnailUrl":"https:\/\/descriu.org\/wp-content\/uploads\/2019\/04\/ahir.jpg","datePublished":"2022-02-04T14:31:13+00:00","dateModified":"2022-02-04T14:31:14+00:00","author":{"@id":"https:\/\/biblioteca.blanes.cat\/dijousdelletresimots\/#\/schema\/person\/5a7b46760d9dd611d098bbf571a341dc"},"breadcrumb":{"@id":"https:\/\/biblioteca.blanes.cat\/dijousdelletresimots\/ahir-agota-kristof\/#breadcrumb"},"inLanguage":"ca","potentialAction":[{"@type":"ReadAction","target":["https:\/\/biblioteca.blanes.cat\/dijousdelletresimots\/ahir-agota-kristof\/"]}]},{"@type":"ImageObject","inLanguage":"ca","@id":"https:\/\/biblioteca.blanes.cat\/dijousdelletresimots\/ahir-agota-kristof\/#primaryimage","url":"https:\/\/descriu.org\/wp-content\/uploads\/2019\/04\/ahir.jpg","contentUrl":"https:\/\/descriu.org\/wp-content\/uploads\/2019\/04\/ahir.jpg"},{"@type":"BreadcrumbList","@id":"https:\/\/biblioteca.blanes.cat\/dijousdelletresimots\/ahir-agota-kristof\/#breadcrumb","itemListElement":[{"@type":"ListItem","position":1,"name":"Inici","item":"https:\/\/biblioteca.blanes.cat\/dijousdelletresimots\/"},{"@type":"ListItem","position":2,"name":"Ahir, Agota Kristof"}]},{"@type":"WebSite","@id":"https:\/\/biblioteca.blanes.cat\/dijousdelletresimots\/#website","url":"https:\/\/biblioteca.blanes.cat\/dijousdelletresimots\/","name":"Dijous de Lletres i Mots","description":"","potentialAction":[{"@type":"SearchAction","target":{"@type":"EntryPoint","urlTemplate":"https:\/\/biblioteca.blanes.cat\/dijousdelletresimots\/?s={search_term_string}"},"query-input":{"@type":"PropertyValueSpecification","valueRequired":true,"valueName":"search_term_string"}}],"inLanguage":"ca"},{"@type":"Person","@id":"https:\/\/biblioteca.blanes.cat\/dijousdelletresimots\/#\/schema\/person\/5a7b46760d9dd611d098bbf571a341dc","name":"biblioblanes","image":{"@type":"ImageObject","inLanguage":"ca","@id":"https:\/\/secure.gravatar.com\/avatar\/6593ca6cc90e5a70939f51c95e8315483b9c281bafba597292bee47992030f99?s=96&d=mm&r=g","url":"https:\/\/secure.gravatar.com\/avatar\/6593ca6cc90e5a70939f51c95e8315483b9c281bafba597292bee47992030f99?s=96&d=mm&r=g","contentUrl":"https:\/\/secure.gravatar.com\/avatar\/6593ca6cc90e5a70939f51c95e8315483b9c281bafba597292bee47992030f99?s=96&d=mm&r=g","caption":"biblioblanes"},"sameAs":["http:\/\/www.bibgirona.cat\/biblioteca\/blanes","https:\/\/x.com\/biblioblanes"],"url":"https:\/\/biblioteca.blanes.cat\/dijousdelletresimots\/author\/biblioblanes\/"}]}},"_links":{"self":[{"href":"https:\/\/biblioteca.blanes.cat\/dijousdelletresimots\/wp-json\/wp\/v2\/posts\/279","targetHints":{"allow":["GET"]}}],"collection":[{"href":"https:\/\/biblioteca.blanes.cat\/dijousdelletresimots\/wp-json\/wp\/v2\/posts"}],"about":[{"href":"https:\/\/biblioteca.blanes.cat\/dijousdelletresimots\/wp-json\/wp\/v2\/types\/post"}],"author":[{"embeddable":true,"href":"https:\/\/biblioteca.blanes.cat\/dijousdelletresimots\/wp-json\/wp\/v2\/users\/4"}],"replies":[{"embeddable":true,"href":"https:\/\/biblioteca.blanes.cat\/dijousdelletresimots\/wp-json\/wp\/v2\/comments?post=279"}],"version-history":[{"count":1,"href":"https:\/\/biblioteca.blanes.cat\/dijousdelletresimots\/wp-json\/wp\/v2\/posts\/279\/revisions"}],"predecessor-version":[{"id":280,"href":"https:\/\/biblioteca.blanes.cat\/dijousdelletresimots\/wp-json\/wp\/v2\/posts\/279\/revisions\/280"}],"wp:attachment":[{"href":"https:\/\/biblioteca.blanes.cat\/dijousdelletresimots\/wp-json\/wp\/v2\/media?parent=279"}],"wp:term":[{"taxonomy":"category","embeddable":true,"href":"https:\/\/biblioteca.blanes.cat\/dijousdelletresimots\/wp-json\/wp\/v2\/categories?post=279"},{"taxonomy":"post_tag","embeddable":true,"href":"https:\/\/biblioteca.blanes.cat\/dijousdelletresimots\/wp-json\/wp\/v2\/tags?post=279"}],"curies":[{"name":"wp","href":"https:\/\/api.w.org\/{rel}","templated":true}]}}