{"id":234,"date":"2021-11-05T13:42:35","date_gmt":"2021-11-05T12:42:35","guid":{"rendered":"https:\/\/biblioteca.blanes.cat\/dijousdelletresimots\/?p=234"},"modified":"2021-11-05T13:42:36","modified_gmt":"2021-11-05T12:42:36","slug":"el-llop-estepari-de-herman-hesse","status":"publish","type":"post","link":"https:\/\/biblioteca.blanes.cat\/dijousdelletresimots\/el-llop-estepari-de-herman-hesse\/","title":{"rendered":"El llop estepari, de Herman Hesse"},"content":{"rendered":"\n<p>Acabarem l&#8217;any llegint aquesta obra que ens explica la hist\u00f2ria de Harry Haller, un home desenganyat que no arriba a integrar-se en una societat que no se li assembla gens. L&#8217;home es defineix aix\u00ed com un llop de l&#8217;estepa, animal solitari, extraviat en un m\u00f3n que li sembla incomprensible. La seva trobada amb diversos personatges li permetr\u00e0 afrontar la seva desil\u00b7lusi\u00f3, especialment gr\u00e0cies a un &#8220;viatge&#8221; inici\u00e0tic que li permetr\u00e0 descobrir diferents aspectes de la seva personalitat.<\/p>\n\n\n\n<div class=\"wp-block-image\"><figure class=\"aligncenter is-resized\"><img decoding=\"async\" src=\"https:\/\/imagessl9.casadellibro.com\/a\/l\/t7\/09\/9788499301709.jpg\" alt=\"EL LLOP ESTEPARI | HERMANN HESSE | Casa del Libro\" width=\"163\" height=\"258\"\/><\/figure><\/div>\n\n\n\n<p>La novel\u00b7la es va publicar el 1928 i va sorgir com a conseq\u00fc\u00e8ncia d&#8217;una crisi emocional i psicol\u00f2gica de l&#8217;autor, que va patir una depressi\u00f3 despr\u00e9s de separar-se de Ruth Wenger, la seva segona esposa. En aquesta \u00e8poca, l&#8217;escriptor patia moltes dificultats per a relacionar-se amb la gent i buscava l&#8217;a\u00efllament per a superar la seva inseguretat i el patiment que li produ\u00efa el contacte amb el m\u00f3n exterior. El llop estepari recrea aquest estat, incloent fantasies su\u00efcides i una agressiva misantropia. La novel\u00b7la es va interpretar com el diari d&#8217;una rebeldia que enaltia l&#8217;individu davant de la massa, greg\u00e0ria i est\u00fapida. Molts lectors es van indentificar amb la figura del &#8220;llop estepari&#8221;, un disident existencial que defensava ferotgement la seva independ\u00e8ncia i el seu dret a ser diferent, sense entendre el veritable sentit de l&#8217;obra. Hesse, que va guanyar el Premi Nobel de Literatura el 1946, no concep la soledat del protagonista com un desafiament o un gest de llibertat, sin\u00f3 com un frac\u00e0s: la seva incapacitat d&#8217;estimar i ser estimat el redueix a un ascetisme improductiu, on el jo rebutja qualsevol uni\u00f3 o responsabilitat vers els altres.<\/p>\n\n\n\n<p>Esperem que gaudiu del llibre!<\/p>\n\n\n\n<p><\/p>\n","protected":false},"excerpt":{"rendered":"<p>Acabarem l&#8217;any llegint aquesta obra que ens explica la hist\u00f2ria de Harry Haller, un home desenganyat que no arriba a integrar-se en una societat que no se li assembla gens. L&#8217;home es defineix aix\u00ed com un llop de l&#8217;estepa, animal<\/p>\n","protected":false},"author":4,"featured_media":0,"comment_status":"open","ping_status":"open","sticky":false,"template":"","format":"standard","meta":{"sfsi_plus_gutenberg_text_before_share":"","sfsi_plus_gutenberg_show_text_before_share":"","sfsi_plus_gutenberg_icon_type":"","sfsi_plus_gutenberg_icon_alignemt":"","sfsi_plus_gutenburg_max_per_row":"","footnotes":""},"categories":[9],"tags":[],"class_list":["post-234","post","type-post","status-publish","format-standard","hentry","category-lectures"],"yoast_head":"<!-- This site is optimized with the Yoast SEO plugin v27.5 - https:\/\/yoast.com\/product\/yoast-seo-wordpress\/ -->\n<title>El llop estepari, de Herman Hesse - Dijous de Lletres i Mots<\/title>\n<meta name=\"robots\" content=\"index, follow, max-snippet:-1, max-image-preview:large, max-video-preview:-1\" \/>\n<link rel=\"canonical\" href=\"https:\/\/biblioteca.blanes.cat\/dijousdelletresimots\/el-llop-estepari-de-herman-hesse\/\" \/>\n<meta property=\"og:locale\" content=\"ca_ES\" \/>\n<meta property=\"og:type\" content=\"article\" \/>\n<meta property=\"og:title\" content=\"El llop estepari, de Herman Hesse - Dijous de Lletres i Mots\" \/>\n<meta property=\"og:description\" content=\"Acabarem l&#8217;any llegint aquesta obra que ens explica la hist\u00f2ria de Harry Haller, un home desenganyat que no arriba a integrar-se en una societat que no se li assembla gens. L&#8217;home es defineix aix\u00ed com un llop de l&#8217;estepa, animal\" \/>\n<meta property=\"og:url\" content=\"https:\/\/biblioteca.blanes.cat\/dijousdelletresimots\/el-llop-estepari-de-herman-hesse\/\" \/>\n<meta property=\"og:site_name\" content=\"Dijous de Lletres i Mots\" \/>\n<meta property=\"article:published_time\" content=\"2021-11-05T12:42:35+00:00\" \/>\n<meta property=\"article:modified_time\" content=\"2021-11-05T12:42:36+00:00\" \/>\n<meta property=\"og:image\" content=\"https:\/\/imagessl9.casadellibro.com\/a\/l\/t7\/09\/9788499301709.jpg\" \/>\n<meta name=\"author\" content=\"biblioblanes\" \/>\n<meta name=\"twitter:card\" content=\"summary_large_image\" \/>\n<meta name=\"twitter:creator\" content=\"@biblioblanes\" \/>\n<meta name=\"twitter:label1\" content=\"Escrit per\" \/>\n\t<meta name=\"twitter:data1\" content=\"biblioblanes\" \/>\n\t<meta name=\"twitter:label2\" content=\"Temps estimat de lectura\" \/>\n\t<meta name=\"twitter:data2\" content=\"2 minuts\" \/>\n<script type=\"application\/ld+json\" class=\"yoast-schema-graph\">{\"@context\":\"https:\\\/\\\/schema.org\",\"@graph\":[{\"@type\":\"Article\",\"@id\":\"https:\\\/\\\/biblioteca.blanes.cat\\\/dijousdelletresimots\\\/el-llop-estepari-de-herman-hesse\\\/#article\",\"isPartOf\":{\"@id\":\"https:\\\/\\\/biblioteca.blanes.cat\\\/dijousdelletresimots\\\/el-llop-estepari-de-herman-hesse\\\/\"},\"author\":{\"name\":\"biblioblanes\",\"@id\":\"https:\\\/\\\/biblioteca.blanes.cat\\\/dijousdelletresimots\\\/#\\\/schema\\\/person\\\/5a7b46760d9dd611d098bbf571a341dc\"},\"headline\":\"El llop estepari, de Herman Hesse\",\"datePublished\":\"2021-11-05T12:42:35+00:00\",\"dateModified\":\"2021-11-05T12:42:36+00:00\",\"mainEntityOfPage\":{\"@id\":\"https:\\\/\\\/biblioteca.blanes.cat\\\/dijousdelletresimots\\\/el-llop-estepari-de-herman-hesse\\\/\"},\"wordCount\":304,\"commentCount\":0,\"image\":{\"@id\":\"https:\\\/\\\/biblioteca.blanes.cat\\\/dijousdelletresimots\\\/el-llop-estepari-de-herman-hesse\\\/#primaryimage\"},\"thumbnailUrl\":\"https:\\\/\\\/imagessl9.casadellibro.com\\\/a\\\/l\\\/t7\\\/09\\\/9788499301709.jpg\",\"articleSection\":[\"Lectures\"],\"inLanguage\":\"ca\",\"potentialAction\":[{\"@type\":\"CommentAction\",\"name\":\"Comment\",\"target\":[\"https:\\\/\\\/biblioteca.blanes.cat\\\/dijousdelletresimots\\\/el-llop-estepari-de-herman-hesse\\\/#respond\"]}]},{\"@type\":\"WebPage\",\"@id\":\"https:\\\/\\\/biblioteca.blanes.cat\\\/dijousdelletresimots\\\/el-llop-estepari-de-herman-hesse\\\/\",\"url\":\"https:\\\/\\\/biblioteca.blanes.cat\\\/dijousdelletresimots\\\/el-llop-estepari-de-herman-hesse\\\/\",\"name\":\"El llop estepari, de Herman Hesse - Dijous de Lletres i Mots\",\"isPartOf\":{\"@id\":\"https:\\\/\\\/biblioteca.blanes.cat\\\/dijousdelletresimots\\\/#website\"},\"primaryImageOfPage\":{\"@id\":\"https:\\\/\\\/biblioteca.blanes.cat\\\/dijousdelletresimots\\\/el-llop-estepari-de-herman-hesse\\\/#primaryimage\"},\"image\":{\"@id\":\"https:\\\/\\\/biblioteca.blanes.cat\\\/dijousdelletresimots\\\/el-llop-estepari-de-herman-hesse\\\/#primaryimage\"},\"thumbnailUrl\":\"https:\\\/\\\/imagessl9.casadellibro.com\\\/a\\\/l\\\/t7\\\/09\\\/9788499301709.jpg\",\"datePublished\":\"2021-11-05T12:42:35+00:00\",\"dateModified\":\"2021-11-05T12:42:36+00:00\",\"author\":{\"@id\":\"https:\\\/\\\/biblioteca.blanes.cat\\\/dijousdelletresimots\\\/#\\\/schema\\\/person\\\/5a7b46760d9dd611d098bbf571a341dc\"},\"breadcrumb\":{\"@id\":\"https:\\\/\\\/biblioteca.blanes.cat\\\/dijousdelletresimots\\\/el-llop-estepari-de-herman-hesse\\\/#breadcrumb\"},\"inLanguage\":\"ca\",\"potentialAction\":[{\"@type\":\"ReadAction\",\"target\":[\"https:\\\/\\\/biblioteca.blanes.cat\\\/dijousdelletresimots\\\/el-llop-estepari-de-herman-hesse\\\/\"]}]},{\"@type\":\"ImageObject\",\"inLanguage\":\"ca\",\"@id\":\"https:\\\/\\\/biblioteca.blanes.cat\\\/dijousdelletresimots\\\/el-llop-estepari-de-herman-hesse\\\/#primaryimage\",\"url\":\"https:\\\/\\\/imagessl9.casadellibro.com\\\/a\\\/l\\\/t7\\\/09\\\/9788499301709.jpg\",\"contentUrl\":\"https:\\\/\\\/imagessl9.casadellibro.com\\\/a\\\/l\\\/t7\\\/09\\\/9788499301709.jpg\"},{\"@type\":\"BreadcrumbList\",\"@id\":\"https:\\\/\\\/biblioteca.blanes.cat\\\/dijousdelletresimots\\\/el-llop-estepari-de-herman-hesse\\\/#breadcrumb\",\"itemListElement\":[{\"@type\":\"ListItem\",\"position\":1,\"name\":\"Inici\",\"item\":\"https:\\\/\\\/biblioteca.blanes.cat\\\/dijousdelletresimots\\\/\"},{\"@type\":\"ListItem\",\"position\":2,\"name\":\"El llop estepari, de Herman Hesse\"}]},{\"@type\":\"WebSite\",\"@id\":\"https:\\\/\\\/biblioteca.blanes.cat\\\/dijousdelletresimots\\\/#website\",\"url\":\"https:\\\/\\\/biblioteca.blanes.cat\\\/dijousdelletresimots\\\/\",\"name\":\"Dijous de Lletres i Mots\",\"description\":\"\",\"potentialAction\":[{\"@type\":\"SearchAction\",\"target\":{\"@type\":\"EntryPoint\",\"urlTemplate\":\"https:\\\/\\\/biblioteca.blanes.cat\\\/dijousdelletresimots\\\/?s={search_term_string}\"},\"query-input\":{\"@type\":\"PropertyValueSpecification\",\"valueRequired\":true,\"valueName\":\"search_term_string\"}}],\"inLanguage\":\"ca\"},{\"@type\":\"Person\",\"@id\":\"https:\\\/\\\/biblioteca.blanes.cat\\\/dijousdelletresimots\\\/#\\\/schema\\\/person\\\/5a7b46760d9dd611d098bbf571a341dc\",\"name\":\"biblioblanes\",\"image\":{\"@type\":\"ImageObject\",\"inLanguage\":\"ca\",\"@id\":\"https:\\\/\\\/secure.gravatar.com\\\/avatar\\\/6593ca6cc90e5a70939f51c95e8315483b9c281bafba597292bee47992030f99?s=96&d=mm&r=g\",\"url\":\"https:\\\/\\\/secure.gravatar.com\\\/avatar\\\/6593ca6cc90e5a70939f51c95e8315483b9c281bafba597292bee47992030f99?s=96&d=mm&r=g\",\"contentUrl\":\"https:\\\/\\\/secure.gravatar.com\\\/avatar\\\/6593ca6cc90e5a70939f51c95e8315483b9c281bafba597292bee47992030f99?s=96&d=mm&r=g\",\"caption\":\"biblioblanes\"},\"sameAs\":[\"http:\\\/\\\/www.bibgirona.cat\\\/biblioteca\\\/blanes\",\"https:\\\/\\\/x.com\\\/biblioblanes\"],\"url\":\"https:\\\/\\\/biblioteca.blanes.cat\\\/dijousdelletresimots\\\/author\\\/biblioblanes\\\/\"}]}<\/script>\n<!-- \/ Yoast SEO plugin. -->","yoast_head_json":{"title":"El llop estepari, de Herman Hesse - Dijous de Lletres i Mots","robots":{"index":"index","follow":"follow","max-snippet":"max-snippet:-1","max-image-preview":"max-image-preview:large","max-video-preview":"max-video-preview:-1"},"canonical":"https:\/\/biblioteca.blanes.cat\/dijousdelletresimots\/el-llop-estepari-de-herman-hesse\/","og_locale":"ca_ES","og_type":"article","og_title":"El llop estepari, de Herman Hesse - Dijous de Lletres i Mots","og_description":"Acabarem l&#8217;any llegint aquesta obra que ens explica la hist\u00f2ria de Harry Haller, un home desenganyat que no arriba a integrar-se en una societat que no se li assembla gens. L&#8217;home es defineix aix\u00ed com un llop de l&#8217;estepa, animal","og_url":"https:\/\/biblioteca.blanes.cat\/dijousdelletresimots\/el-llop-estepari-de-herman-hesse\/","og_site_name":"Dijous de Lletres i Mots","article_published_time":"2021-11-05T12:42:35+00:00","article_modified_time":"2021-11-05T12:42:36+00:00","og_image":[{"url":"https:\/\/imagessl9.casadellibro.com\/a\/l\/t7\/09\/9788499301709.jpg","type":"","width":"","height":""}],"author":"biblioblanes","twitter_card":"summary_large_image","twitter_creator":"@biblioblanes","twitter_misc":{"Escrit per":"biblioblanes","Temps estimat de lectura":"2 minuts"},"schema":{"@context":"https:\/\/schema.org","@graph":[{"@type":"Article","@id":"https:\/\/biblioteca.blanes.cat\/dijousdelletresimots\/el-llop-estepari-de-herman-hesse\/#article","isPartOf":{"@id":"https:\/\/biblioteca.blanes.cat\/dijousdelletresimots\/el-llop-estepari-de-herman-hesse\/"},"author":{"name":"biblioblanes","@id":"https:\/\/biblioteca.blanes.cat\/dijousdelletresimots\/#\/schema\/person\/5a7b46760d9dd611d098bbf571a341dc"},"headline":"El llop estepari, de Herman Hesse","datePublished":"2021-11-05T12:42:35+00:00","dateModified":"2021-11-05T12:42:36+00:00","mainEntityOfPage":{"@id":"https:\/\/biblioteca.blanes.cat\/dijousdelletresimots\/el-llop-estepari-de-herman-hesse\/"},"wordCount":304,"commentCount":0,"image":{"@id":"https:\/\/biblioteca.blanes.cat\/dijousdelletresimots\/el-llop-estepari-de-herman-hesse\/#primaryimage"},"thumbnailUrl":"https:\/\/imagessl9.casadellibro.com\/a\/l\/t7\/09\/9788499301709.jpg","articleSection":["Lectures"],"inLanguage":"ca","potentialAction":[{"@type":"CommentAction","name":"Comment","target":["https:\/\/biblioteca.blanes.cat\/dijousdelletresimots\/el-llop-estepari-de-herman-hesse\/#respond"]}]},{"@type":"WebPage","@id":"https:\/\/biblioteca.blanes.cat\/dijousdelletresimots\/el-llop-estepari-de-herman-hesse\/","url":"https:\/\/biblioteca.blanes.cat\/dijousdelletresimots\/el-llop-estepari-de-herman-hesse\/","name":"El llop estepari, de Herman Hesse - Dijous de Lletres i Mots","isPartOf":{"@id":"https:\/\/biblioteca.blanes.cat\/dijousdelletresimots\/#website"},"primaryImageOfPage":{"@id":"https:\/\/biblioteca.blanes.cat\/dijousdelletresimots\/el-llop-estepari-de-herman-hesse\/#primaryimage"},"image":{"@id":"https:\/\/biblioteca.blanes.cat\/dijousdelletresimots\/el-llop-estepari-de-herman-hesse\/#primaryimage"},"thumbnailUrl":"https:\/\/imagessl9.casadellibro.com\/a\/l\/t7\/09\/9788499301709.jpg","datePublished":"2021-11-05T12:42:35+00:00","dateModified":"2021-11-05T12:42:36+00:00","author":{"@id":"https:\/\/biblioteca.blanes.cat\/dijousdelletresimots\/#\/schema\/person\/5a7b46760d9dd611d098bbf571a341dc"},"breadcrumb":{"@id":"https:\/\/biblioteca.blanes.cat\/dijousdelletresimots\/el-llop-estepari-de-herman-hesse\/#breadcrumb"},"inLanguage":"ca","potentialAction":[{"@type":"ReadAction","target":["https:\/\/biblioteca.blanes.cat\/dijousdelletresimots\/el-llop-estepari-de-herman-hesse\/"]}]},{"@type":"ImageObject","inLanguage":"ca","@id":"https:\/\/biblioteca.blanes.cat\/dijousdelletresimots\/el-llop-estepari-de-herman-hesse\/#primaryimage","url":"https:\/\/imagessl9.casadellibro.com\/a\/l\/t7\/09\/9788499301709.jpg","contentUrl":"https:\/\/imagessl9.casadellibro.com\/a\/l\/t7\/09\/9788499301709.jpg"},{"@type":"BreadcrumbList","@id":"https:\/\/biblioteca.blanes.cat\/dijousdelletresimots\/el-llop-estepari-de-herman-hesse\/#breadcrumb","itemListElement":[{"@type":"ListItem","position":1,"name":"Inici","item":"https:\/\/biblioteca.blanes.cat\/dijousdelletresimots\/"},{"@type":"ListItem","position":2,"name":"El llop estepari, de Herman Hesse"}]},{"@type":"WebSite","@id":"https:\/\/biblioteca.blanes.cat\/dijousdelletresimots\/#website","url":"https:\/\/biblioteca.blanes.cat\/dijousdelletresimots\/","name":"Dijous de Lletres i Mots","description":"","potentialAction":[{"@type":"SearchAction","target":{"@type":"EntryPoint","urlTemplate":"https:\/\/biblioteca.blanes.cat\/dijousdelletresimots\/?s={search_term_string}"},"query-input":{"@type":"PropertyValueSpecification","valueRequired":true,"valueName":"search_term_string"}}],"inLanguage":"ca"},{"@type":"Person","@id":"https:\/\/biblioteca.blanes.cat\/dijousdelletresimots\/#\/schema\/person\/5a7b46760d9dd611d098bbf571a341dc","name":"biblioblanes","image":{"@type":"ImageObject","inLanguage":"ca","@id":"https:\/\/secure.gravatar.com\/avatar\/6593ca6cc90e5a70939f51c95e8315483b9c281bafba597292bee47992030f99?s=96&d=mm&r=g","url":"https:\/\/secure.gravatar.com\/avatar\/6593ca6cc90e5a70939f51c95e8315483b9c281bafba597292bee47992030f99?s=96&d=mm&r=g","contentUrl":"https:\/\/secure.gravatar.com\/avatar\/6593ca6cc90e5a70939f51c95e8315483b9c281bafba597292bee47992030f99?s=96&d=mm&r=g","caption":"biblioblanes"},"sameAs":["http:\/\/www.bibgirona.cat\/biblioteca\/blanes","https:\/\/x.com\/biblioblanes"],"url":"https:\/\/biblioteca.blanes.cat\/dijousdelletresimots\/author\/biblioblanes\/"}]}},"_links":{"self":[{"href":"https:\/\/biblioteca.blanes.cat\/dijousdelletresimots\/wp-json\/wp\/v2\/posts\/234","targetHints":{"allow":["GET"]}}],"collection":[{"href":"https:\/\/biblioteca.blanes.cat\/dijousdelletresimots\/wp-json\/wp\/v2\/posts"}],"about":[{"href":"https:\/\/biblioteca.blanes.cat\/dijousdelletresimots\/wp-json\/wp\/v2\/types\/post"}],"author":[{"embeddable":true,"href":"https:\/\/biblioteca.blanes.cat\/dijousdelletresimots\/wp-json\/wp\/v2\/users\/4"}],"replies":[{"embeddable":true,"href":"https:\/\/biblioteca.blanes.cat\/dijousdelletresimots\/wp-json\/wp\/v2\/comments?post=234"}],"version-history":[{"count":1,"href":"https:\/\/biblioteca.blanes.cat\/dijousdelletresimots\/wp-json\/wp\/v2\/posts\/234\/revisions"}],"predecessor-version":[{"id":235,"href":"https:\/\/biblioteca.blanes.cat\/dijousdelletresimots\/wp-json\/wp\/v2\/posts\/234\/revisions\/235"}],"wp:attachment":[{"href":"https:\/\/biblioteca.blanes.cat\/dijousdelletresimots\/wp-json\/wp\/v2\/media?parent=234"}],"wp:term":[{"taxonomy":"category","embeddable":true,"href":"https:\/\/biblioteca.blanes.cat\/dijousdelletresimots\/wp-json\/wp\/v2\/categories?post=234"},{"taxonomy":"post_tag","embeddable":true,"href":"https:\/\/biblioteca.blanes.cat\/dijousdelletresimots\/wp-json\/wp\/v2\/tags?post=234"}],"curies":[{"name":"wp","href":"https:\/\/api.w.org\/{rel}","templated":true}]}}