{"id":223,"date":"2021-10-08T08:55:22","date_gmt":"2021-10-08T07:55:22","guid":{"rendered":"https:\/\/biblioteca.blanes.cat\/dijousdelletresimots\/?p=223"},"modified":"2021-10-08T08:55:24","modified_gmt":"2021-10-08T07:55:24","slug":"una-conxorxa-denzes-de-john-kennedy-toole","status":"publish","type":"post","link":"https:\/\/biblioteca.blanes.cat\/dijousdelletresimots\/una-conxorxa-denzes-de-john-kennedy-toole\/","title":{"rendered":"Una conxorxa d&#8217;enzes, de John Kennedy Toole"},"content":{"rendered":"\n<p>El mes vinent llegirem aquesta esbojarrada i reconeguda novel\u00b7la amb tints autobiogr\u00e0fics que ens explica la vida i, sobretot, el sentit i la percepci\u00f3 de la vida d&#8217;Ignatius J. Reilly.<\/p>\n\n\n\n<p>John Kennedy Toole va viure la seva infantesa a Nova Orleans. La seva mare, Thelma Ducoing Toole, era una dona extravagant i narcisista, que adorava el seu \u00fanic fill. El pare de Toole era mec\u00e0nic i venedor de cotxes. La mare complementava els ingressos familiars donant classes de m\u00fasica. Abans d&#8217;obtenir una llicenciatura a la Universitat Tulane, Toole va obtenir un m\u00e0ster a la Universitat de Col\u00fambia, i va passar un any com a professor adjunt d&#8217;angl\u00e8s a la University of Louisiana a Lafayette. M\u00e9s tard va ensenyar al Hunter College de la ciutat de Nova York. Tot i que va seguir un doctorat a la Universitat de Col\u00fambia, va haver d&#8217;interrompre els seus estudis, ja que va haver d&#8217;incorporar-se a l&#8217;ex\u00e8rcit l&#8217;any 1961. Toole va servir dos anys a Puerto Rico, ensenyant angl\u00e8s a reclutes hispano-parlants. Una vegada acabat el servei militar, Toole va retornar a Nova Orleans per viure amb els seus pares i ensenyar al Dominican College. Passava una bona part del seu temps al Barri Franc\u00e8s en companyia d&#8217;alguns m\u00fasics i escrivint. <\/p>\n\n\n\n<div class=\"wp-block-image\"><figure class=\"aligncenter is-resized\"><img decoding=\"async\" src=\"https:\/\/www.anagrama-ed.es\/uploads\/media\/portadas\/0001\/20\/xthumb_19518_portadas_big.jpeg.pagespeed.ic.J-AT12bbK4.webp\" alt=\"La conjura de los necios\" width=\"156\" height=\"244\"\/><\/figure><\/div>\n\n\n\n<p>No va aconseguir publicar la seva obra i poc despr\u00e9s es va suicidar. El que ve despr\u00e9s ja \u00e9s gaireb\u00e9 llegenda: la seva mare, conven\u00e7uda de la genialitat del seu fill, va lluitar sense descans fins que va aconseguir publicar l&#8217;obra que, un any despr\u00e9s, va guanyar el Premi Pulitzer.<\/p>\n\n\n\n<p>Per acompanyar la lectura us hem preparat un d\u00edptic sobre altres bojos m\u00e9s coneguts de la literatura, <a href=\"https:\/\/www.bibgirona.cat\/assets\/documents\/000\/436\/620\/conxorxa_dels_enzes_-_bogeria_a_la_literatura.pdf\">cliqueu aqu\u00ed<\/a> per llegir-lo.<\/p>\n\n\n\n<p>Gaudiu de la lectura!<\/p>\n","protected":false},"excerpt":{"rendered":"<p>El mes vinent llegirem aquesta esbojarrada i reconeguda novel\u00b7la amb tints autobiogr\u00e0fics que ens explica la vida i, sobretot, el sentit i la percepci\u00f3 de la vida d&#8217;Ignatius J. Reilly. John Kennedy Toole va viure la seva infantesa a Nova<\/p>\n","protected":false},"author":4,"featured_media":0,"comment_status":"open","ping_status":"open","sticky":false,"template":"","format":"standard","meta":{"sfsi_plus_gutenberg_text_before_share":"","sfsi_plus_gutenberg_show_text_before_share":"","sfsi_plus_gutenberg_icon_type":"","sfsi_plus_gutenberg_icon_alignemt":"","sfsi_plus_gutenburg_max_per_row":"","footnotes":""},"categories":[1],"tags":[],"class_list":["post-223","post","type-post","status-publish","format-standard","hentry","category-general"],"yoast_head":"<!-- This site is optimized with the Yoast SEO plugin v27.5 - https:\/\/yoast.com\/product\/yoast-seo-wordpress\/ -->\n<title>Una conxorxa d&#039;enzes, de John Kennedy Toole - Dijous de Lletres i Mots<\/title>\n<meta name=\"robots\" content=\"index, follow, max-snippet:-1, max-image-preview:large, max-video-preview:-1\" \/>\n<link rel=\"canonical\" href=\"https:\/\/biblioteca.blanes.cat\/dijousdelletresimots\/una-conxorxa-denzes-de-john-kennedy-toole\/\" \/>\n<meta property=\"og:locale\" content=\"ca_ES\" \/>\n<meta property=\"og:type\" content=\"article\" \/>\n<meta property=\"og:title\" content=\"Una conxorxa d&#039;enzes, de John Kennedy Toole - Dijous de Lletres i Mots\" \/>\n<meta property=\"og:description\" content=\"El mes vinent llegirem aquesta esbojarrada i reconeguda novel\u00b7la amb tints autobiogr\u00e0fics que ens explica la vida i, sobretot, el sentit i la percepci\u00f3 de la vida d&#8217;Ignatius J. Reilly. John Kennedy Toole va viure la seva infantesa a Nova\" \/>\n<meta property=\"og:url\" content=\"https:\/\/biblioteca.blanes.cat\/dijousdelletresimots\/una-conxorxa-denzes-de-john-kennedy-toole\/\" \/>\n<meta property=\"og:site_name\" content=\"Dijous de Lletres i Mots\" \/>\n<meta property=\"article:published_time\" content=\"2021-10-08T07:55:22+00:00\" \/>\n<meta property=\"article:modified_time\" content=\"2021-10-08T07:55:24+00:00\" \/>\n<meta property=\"og:image\" content=\"https:\/\/www.anagrama-ed.es\/uploads\/media\/portadas\/0001\/20\/xthumb_19518_portadas_big.jpeg.pagespeed.ic.J-AT12bbK4.webp\" \/>\n<meta name=\"author\" content=\"biblioblanes\" \/>\n<meta name=\"twitter:card\" content=\"summary_large_image\" \/>\n<meta name=\"twitter:creator\" content=\"@biblioblanes\" \/>\n<meta name=\"twitter:label1\" content=\"Escrit per\" \/>\n\t<meta name=\"twitter:data1\" content=\"biblioblanes\" \/>\n\t<meta name=\"twitter:label2\" content=\"Temps estimat de lectura\" \/>\n\t<meta name=\"twitter:data2\" content=\"2 minuts\" \/>\n<script type=\"application\/ld+json\" class=\"yoast-schema-graph\">{\"@context\":\"https:\\\/\\\/schema.org\",\"@graph\":[{\"@type\":\"Article\",\"@id\":\"https:\\\/\\\/biblioteca.blanes.cat\\\/dijousdelletresimots\\\/una-conxorxa-denzes-de-john-kennedy-toole\\\/#article\",\"isPartOf\":{\"@id\":\"https:\\\/\\\/biblioteca.blanes.cat\\\/dijousdelletresimots\\\/una-conxorxa-denzes-de-john-kennedy-toole\\\/\"},\"author\":{\"name\":\"biblioblanes\",\"@id\":\"https:\\\/\\\/biblioteca.blanes.cat\\\/dijousdelletresimots\\\/#\\\/schema\\\/person\\\/5a7b46760d9dd611d098bbf571a341dc\"},\"headline\":\"Una conxorxa d&#8217;enzes, de John Kennedy Toole\",\"datePublished\":\"2021-10-08T07:55:22+00:00\",\"dateModified\":\"2021-10-08T07:55:24+00:00\",\"mainEntityOfPage\":{\"@id\":\"https:\\\/\\\/biblioteca.blanes.cat\\\/dijousdelletresimots\\\/una-conxorxa-denzes-de-john-kennedy-toole\\\/\"},\"wordCount\":316,\"commentCount\":0,\"image\":{\"@id\":\"https:\\\/\\\/biblioteca.blanes.cat\\\/dijousdelletresimots\\\/una-conxorxa-denzes-de-john-kennedy-toole\\\/#primaryimage\"},\"thumbnailUrl\":\"https:\\\/\\\/www.anagrama-ed.es\\\/uploads\\\/media\\\/portadas\\\/0001\\\/20\\\/xthumb_19518_portadas_big.jpeg.pagespeed.ic.J-AT12bbK4.webp\",\"articleSection\":[\"Trobades\"],\"inLanguage\":\"ca\",\"potentialAction\":[{\"@type\":\"CommentAction\",\"name\":\"Comment\",\"target\":[\"https:\\\/\\\/biblioteca.blanes.cat\\\/dijousdelletresimots\\\/una-conxorxa-denzes-de-john-kennedy-toole\\\/#respond\"]}]},{\"@type\":\"WebPage\",\"@id\":\"https:\\\/\\\/biblioteca.blanes.cat\\\/dijousdelletresimots\\\/una-conxorxa-denzes-de-john-kennedy-toole\\\/\",\"url\":\"https:\\\/\\\/biblioteca.blanes.cat\\\/dijousdelletresimots\\\/una-conxorxa-denzes-de-john-kennedy-toole\\\/\",\"name\":\"Una conxorxa d'enzes, de John Kennedy Toole - Dijous de Lletres i Mots\",\"isPartOf\":{\"@id\":\"https:\\\/\\\/biblioteca.blanes.cat\\\/dijousdelletresimots\\\/#website\"},\"primaryImageOfPage\":{\"@id\":\"https:\\\/\\\/biblioteca.blanes.cat\\\/dijousdelletresimots\\\/una-conxorxa-denzes-de-john-kennedy-toole\\\/#primaryimage\"},\"image\":{\"@id\":\"https:\\\/\\\/biblioteca.blanes.cat\\\/dijousdelletresimots\\\/una-conxorxa-denzes-de-john-kennedy-toole\\\/#primaryimage\"},\"thumbnailUrl\":\"https:\\\/\\\/www.anagrama-ed.es\\\/uploads\\\/media\\\/portadas\\\/0001\\\/20\\\/xthumb_19518_portadas_big.jpeg.pagespeed.ic.J-AT12bbK4.webp\",\"datePublished\":\"2021-10-08T07:55:22+00:00\",\"dateModified\":\"2021-10-08T07:55:24+00:00\",\"author\":{\"@id\":\"https:\\\/\\\/biblioteca.blanes.cat\\\/dijousdelletresimots\\\/#\\\/schema\\\/person\\\/5a7b46760d9dd611d098bbf571a341dc\"},\"breadcrumb\":{\"@id\":\"https:\\\/\\\/biblioteca.blanes.cat\\\/dijousdelletresimots\\\/una-conxorxa-denzes-de-john-kennedy-toole\\\/#breadcrumb\"},\"inLanguage\":\"ca\",\"potentialAction\":[{\"@type\":\"ReadAction\",\"target\":[\"https:\\\/\\\/biblioteca.blanes.cat\\\/dijousdelletresimots\\\/una-conxorxa-denzes-de-john-kennedy-toole\\\/\"]}]},{\"@type\":\"ImageObject\",\"inLanguage\":\"ca\",\"@id\":\"https:\\\/\\\/biblioteca.blanes.cat\\\/dijousdelletresimots\\\/una-conxorxa-denzes-de-john-kennedy-toole\\\/#primaryimage\",\"url\":\"https:\\\/\\\/www.anagrama-ed.es\\\/uploads\\\/media\\\/portadas\\\/0001\\\/20\\\/xthumb_19518_portadas_big.jpeg.pagespeed.ic.J-AT12bbK4.webp\",\"contentUrl\":\"https:\\\/\\\/www.anagrama-ed.es\\\/uploads\\\/media\\\/portadas\\\/0001\\\/20\\\/xthumb_19518_portadas_big.jpeg.pagespeed.ic.J-AT12bbK4.webp\"},{\"@type\":\"BreadcrumbList\",\"@id\":\"https:\\\/\\\/biblioteca.blanes.cat\\\/dijousdelletresimots\\\/una-conxorxa-denzes-de-john-kennedy-toole\\\/#breadcrumb\",\"itemListElement\":[{\"@type\":\"ListItem\",\"position\":1,\"name\":\"Inici\",\"item\":\"https:\\\/\\\/biblioteca.blanes.cat\\\/dijousdelletresimots\\\/\"},{\"@type\":\"ListItem\",\"position\":2,\"name\":\"Una conxorxa d&#8217;enzes, de John Kennedy Toole\"}]},{\"@type\":\"WebSite\",\"@id\":\"https:\\\/\\\/biblioteca.blanes.cat\\\/dijousdelletresimots\\\/#website\",\"url\":\"https:\\\/\\\/biblioteca.blanes.cat\\\/dijousdelletresimots\\\/\",\"name\":\"Dijous de Lletres i Mots\",\"description\":\"\",\"potentialAction\":[{\"@type\":\"SearchAction\",\"target\":{\"@type\":\"EntryPoint\",\"urlTemplate\":\"https:\\\/\\\/biblioteca.blanes.cat\\\/dijousdelletresimots\\\/?s={search_term_string}\"},\"query-input\":{\"@type\":\"PropertyValueSpecification\",\"valueRequired\":true,\"valueName\":\"search_term_string\"}}],\"inLanguage\":\"ca\"},{\"@type\":\"Person\",\"@id\":\"https:\\\/\\\/biblioteca.blanes.cat\\\/dijousdelletresimots\\\/#\\\/schema\\\/person\\\/5a7b46760d9dd611d098bbf571a341dc\",\"name\":\"biblioblanes\",\"image\":{\"@type\":\"ImageObject\",\"inLanguage\":\"ca\",\"@id\":\"https:\\\/\\\/secure.gravatar.com\\\/avatar\\\/6593ca6cc90e5a70939f51c95e8315483b9c281bafba597292bee47992030f99?s=96&d=mm&r=g\",\"url\":\"https:\\\/\\\/secure.gravatar.com\\\/avatar\\\/6593ca6cc90e5a70939f51c95e8315483b9c281bafba597292bee47992030f99?s=96&d=mm&r=g\",\"contentUrl\":\"https:\\\/\\\/secure.gravatar.com\\\/avatar\\\/6593ca6cc90e5a70939f51c95e8315483b9c281bafba597292bee47992030f99?s=96&d=mm&r=g\",\"caption\":\"biblioblanes\"},\"sameAs\":[\"http:\\\/\\\/www.bibgirona.cat\\\/biblioteca\\\/blanes\",\"https:\\\/\\\/x.com\\\/biblioblanes\"],\"url\":\"https:\\\/\\\/biblioteca.blanes.cat\\\/dijousdelletresimots\\\/author\\\/biblioblanes\\\/\"}]}<\/script>\n<!-- \/ Yoast SEO plugin. -->","yoast_head_json":{"title":"Una conxorxa d'enzes, de John Kennedy Toole - Dijous de Lletres i Mots","robots":{"index":"index","follow":"follow","max-snippet":"max-snippet:-1","max-image-preview":"max-image-preview:large","max-video-preview":"max-video-preview:-1"},"canonical":"https:\/\/biblioteca.blanes.cat\/dijousdelletresimots\/una-conxorxa-denzes-de-john-kennedy-toole\/","og_locale":"ca_ES","og_type":"article","og_title":"Una conxorxa d'enzes, de John Kennedy Toole - Dijous de Lletres i Mots","og_description":"El mes vinent llegirem aquesta esbojarrada i reconeguda novel\u00b7la amb tints autobiogr\u00e0fics que ens explica la vida i, sobretot, el sentit i la percepci\u00f3 de la vida d&#8217;Ignatius J. Reilly. John Kennedy Toole va viure la seva infantesa a Nova","og_url":"https:\/\/biblioteca.blanes.cat\/dijousdelletresimots\/una-conxorxa-denzes-de-john-kennedy-toole\/","og_site_name":"Dijous de Lletres i Mots","article_published_time":"2021-10-08T07:55:22+00:00","article_modified_time":"2021-10-08T07:55:24+00:00","og_image":[{"url":"https:\/\/www.anagrama-ed.es\/uploads\/media\/portadas\/0001\/20\/xthumb_19518_portadas_big.jpeg.pagespeed.ic.J-AT12bbK4.webp","type":"","width":"","height":""}],"author":"biblioblanes","twitter_card":"summary_large_image","twitter_creator":"@biblioblanes","twitter_misc":{"Escrit per":"biblioblanes","Temps estimat de lectura":"2 minuts"},"schema":{"@context":"https:\/\/schema.org","@graph":[{"@type":"Article","@id":"https:\/\/biblioteca.blanes.cat\/dijousdelletresimots\/una-conxorxa-denzes-de-john-kennedy-toole\/#article","isPartOf":{"@id":"https:\/\/biblioteca.blanes.cat\/dijousdelletresimots\/una-conxorxa-denzes-de-john-kennedy-toole\/"},"author":{"name":"biblioblanes","@id":"https:\/\/biblioteca.blanes.cat\/dijousdelletresimots\/#\/schema\/person\/5a7b46760d9dd611d098bbf571a341dc"},"headline":"Una conxorxa d&#8217;enzes, de John Kennedy Toole","datePublished":"2021-10-08T07:55:22+00:00","dateModified":"2021-10-08T07:55:24+00:00","mainEntityOfPage":{"@id":"https:\/\/biblioteca.blanes.cat\/dijousdelletresimots\/una-conxorxa-denzes-de-john-kennedy-toole\/"},"wordCount":316,"commentCount":0,"image":{"@id":"https:\/\/biblioteca.blanes.cat\/dijousdelletresimots\/una-conxorxa-denzes-de-john-kennedy-toole\/#primaryimage"},"thumbnailUrl":"https:\/\/www.anagrama-ed.es\/uploads\/media\/portadas\/0001\/20\/xthumb_19518_portadas_big.jpeg.pagespeed.ic.J-AT12bbK4.webp","articleSection":["Trobades"],"inLanguage":"ca","potentialAction":[{"@type":"CommentAction","name":"Comment","target":["https:\/\/biblioteca.blanes.cat\/dijousdelletresimots\/una-conxorxa-denzes-de-john-kennedy-toole\/#respond"]}]},{"@type":"WebPage","@id":"https:\/\/biblioteca.blanes.cat\/dijousdelletresimots\/una-conxorxa-denzes-de-john-kennedy-toole\/","url":"https:\/\/biblioteca.blanes.cat\/dijousdelletresimots\/una-conxorxa-denzes-de-john-kennedy-toole\/","name":"Una conxorxa d'enzes, de John Kennedy Toole - Dijous de Lletres i Mots","isPartOf":{"@id":"https:\/\/biblioteca.blanes.cat\/dijousdelletresimots\/#website"},"primaryImageOfPage":{"@id":"https:\/\/biblioteca.blanes.cat\/dijousdelletresimots\/una-conxorxa-denzes-de-john-kennedy-toole\/#primaryimage"},"image":{"@id":"https:\/\/biblioteca.blanes.cat\/dijousdelletresimots\/una-conxorxa-denzes-de-john-kennedy-toole\/#primaryimage"},"thumbnailUrl":"https:\/\/www.anagrama-ed.es\/uploads\/media\/portadas\/0001\/20\/xthumb_19518_portadas_big.jpeg.pagespeed.ic.J-AT12bbK4.webp","datePublished":"2021-10-08T07:55:22+00:00","dateModified":"2021-10-08T07:55:24+00:00","author":{"@id":"https:\/\/biblioteca.blanes.cat\/dijousdelletresimots\/#\/schema\/person\/5a7b46760d9dd611d098bbf571a341dc"},"breadcrumb":{"@id":"https:\/\/biblioteca.blanes.cat\/dijousdelletresimots\/una-conxorxa-denzes-de-john-kennedy-toole\/#breadcrumb"},"inLanguage":"ca","potentialAction":[{"@type":"ReadAction","target":["https:\/\/biblioteca.blanes.cat\/dijousdelletresimots\/una-conxorxa-denzes-de-john-kennedy-toole\/"]}]},{"@type":"ImageObject","inLanguage":"ca","@id":"https:\/\/biblioteca.blanes.cat\/dijousdelletresimots\/una-conxorxa-denzes-de-john-kennedy-toole\/#primaryimage","url":"https:\/\/www.anagrama-ed.es\/uploads\/media\/portadas\/0001\/20\/xthumb_19518_portadas_big.jpeg.pagespeed.ic.J-AT12bbK4.webp","contentUrl":"https:\/\/www.anagrama-ed.es\/uploads\/media\/portadas\/0001\/20\/xthumb_19518_portadas_big.jpeg.pagespeed.ic.J-AT12bbK4.webp"},{"@type":"BreadcrumbList","@id":"https:\/\/biblioteca.blanes.cat\/dijousdelletresimots\/una-conxorxa-denzes-de-john-kennedy-toole\/#breadcrumb","itemListElement":[{"@type":"ListItem","position":1,"name":"Inici","item":"https:\/\/biblioteca.blanes.cat\/dijousdelletresimots\/"},{"@type":"ListItem","position":2,"name":"Una conxorxa d&#8217;enzes, de John Kennedy Toole"}]},{"@type":"WebSite","@id":"https:\/\/biblioteca.blanes.cat\/dijousdelletresimots\/#website","url":"https:\/\/biblioteca.blanes.cat\/dijousdelletresimots\/","name":"Dijous de Lletres i Mots","description":"","potentialAction":[{"@type":"SearchAction","target":{"@type":"EntryPoint","urlTemplate":"https:\/\/biblioteca.blanes.cat\/dijousdelletresimots\/?s={search_term_string}"},"query-input":{"@type":"PropertyValueSpecification","valueRequired":true,"valueName":"search_term_string"}}],"inLanguage":"ca"},{"@type":"Person","@id":"https:\/\/biblioteca.blanes.cat\/dijousdelletresimots\/#\/schema\/person\/5a7b46760d9dd611d098bbf571a341dc","name":"biblioblanes","image":{"@type":"ImageObject","inLanguage":"ca","@id":"https:\/\/secure.gravatar.com\/avatar\/6593ca6cc90e5a70939f51c95e8315483b9c281bafba597292bee47992030f99?s=96&d=mm&r=g","url":"https:\/\/secure.gravatar.com\/avatar\/6593ca6cc90e5a70939f51c95e8315483b9c281bafba597292bee47992030f99?s=96&d=mm&r=g","contentUrl":"https:\/\/secure.gravatar.com\/avatar\/6593ca6cc90e5a70939f51c95e8315483b9c281bafba597292bee47992030f99?s=96&d=mm&r=g","caption":"biblioblanes"},"sameAs":["http:\/\/www.bibgirona.cat\/biblioteca\/blanes","https:\/\/x.com\/biblioblanes"],"url":"https:\/\/biblioteca.blanes.cat\/dijousdelletresimots\/author\/biblioblanes\/"}]}},"_links":{"self":[{"href":"https:\/\/biblioteca.blanes.cat\/dijousdelletresimots\/wp-json\/wp\/v2\/posts\/223","targetHints":{"allow":["GET"]}}],"collection":[{"href":"https:\/\/biblioteca.blanes.cat\/dijousdelletresimots\/wp-json\/wp\/v2\/posts"}],"about":[{"href":"https:\/\/biblioteca.blanes.cat\/dijousdelletresimots\/wp-json\/wp\/v2\/types\/post"}],"author":[{"embeddable":true,"href":"https:\/\/biblioteca.blanes.cat\/dijousdelletresimots\/wp-json\/wp\/v2\/users\/4"}],"replies":[{"embeddable":true,"href":"https:\/\/biblioteca.blanes.cat\/dijousdelletresimots\/wp-json\/wp\/v2\/comments?post=223"}],"version-history":[{"count":1,"href":"https:\/\/biblioteca.blanes.cat\/dijousdelletresimots\/wp-json\/wp\/v2\/posts\/223\/revisions"}],"predecessor-version":[{"id":226,"href":"https:\/\/biblioteca.blanes.cat\/dijousdelletresimots\/wp-json\/wp\/v2\/posts\/223\/revisions\/226"}],"wp:attachment":[{"href":"https:\/\/biblioteca.blanes.cat\/dijousdelletresimots\/wp-json\/wp\/v2\/media?parent=223"}],"wp:term":[{"taxonomy":"category","embeddable":true,"href":"https:\/\/biblioteca.blanes.cat\/dijousdelletresimots\/wp-json\/wp\/v2\/categories?post=223"},{"taxonomy":"post_tag","embeddable":true,"href":"https:\/\/biblioteca.blanes.cat\/dijousdelletresimots\/wp-json\/wp\/v2\/tags?post=223"}],"curies":[{"name":"wp","href":"https:\/\/api.w.org\/{rel}","templated":true}]}}