{"id":205,"date":"2021-08-06T14:45:15","date_gmt":"2021-08-06T13:45:15","guid":{"rendered":"https:\/\/biblioteca.blanes.cat\/dijousdelletresimots\/?p=205"},"modified":"2021-08-06T14:45:27","modified_gmt":"2021-08-06T13:45:27","slug":"a-les-muntanyes-de-la-follia-de-h-p-lovecraft","status":"publish","type":"post","link":"https:\/\/biblioteca.blanes.cat\/dijousdelletresimots\/a-les-muntanyes-de-la-follia-de-h-p-lovecraft\/","title":{"rendered":"A les muntanyes de la follia, de H.P. Lovecraft"},"content":{"rendered":"\n<p>Lovecraft, celebrat escriptor de narracions terror\u00edfiques breus, ens endinsa amb aquesta hist\u00f2ria en el seu m\u00f3n de religions i deus antics i macabres que sovint escapen a la comprenssi\u00f3 de la ment humana.<\/p>\n\n\n\n<p>A les muntanyes de la follia comen\u00e7a amb un grup de cient\u00edfics de la Universitat de Miskatonic que emprenen una expedici\u00f3 a l&#8217;Ant\u00e0rtida. Pocs dies despr\u00e9s del seu aterratge al continent gla\u00e7at, el grup d\u2019avan\u00e7ada informa per r\u00e0dio del descobriment d\u2019uns estranys f\u00f2ssils que no saben ben b\u00e9 com classificar. Entusiasmats, la resta de cient\u00edfics decideixen unir-se als seus companys per analitzar junts la misteriosa troballa. Quan arribin, per\u00f2, es trobaran amb una macabra sorpresa.<\/p>\n\n\n\n<div class=\"wp-block-image\"><figure class=\"aligncenter is-resized\"><img decoding=\"async\" src=\"https:\/\/www.editorialbase.cat\/imatges\/llibres\/follia(pg).jpg\" alt=\"A les muntanyes de la follia\" width=\"168\" height=\"250\"\/><\/figure><\/div>\n\n\n\n<p>Aquesta obra sorgeix de l&#8217;inter\u00e8s de Lovecraft per les expedicions a l&#8217;Ant\u00e0rtida, i per la seva reconeguda admiraci\u00f3 a Edgard Allan Poe. Es diu que aquesta obra seria una continuaci\u00f3 de Les Aventures d&#8217;Arthur Gordon Pym. De fet, A les muntanyes de la follia es podria llegir com la tercera part d&#8217;una trilogia molt especial:<\/p>\n\n\n\n<ul class=\"wp-block-list\"><li>la primera obra seria l&#8217;unica novel\u00b7la de l&#8217;escriptor bostoni\u00e0, Les Aventures d&#8217;Arthur Gordon Pym (1838) en la que el fill d&#8217;un comerciant decideix embarcar-se d&#8217;amagat en una balenera en la que viu nombroses aventures fins que s&#8217;interna en els paratges prodigiosos dels mars ant\u00e0rtics i pateix una  sorprenent revelaci\u00f3 amb la que acaba la hist\u00f2ria.<\/li><li>la segona obra seria L&#8217;esfinx dels gels (1897), de Jules Verne que \u00e9s el relat d&#8217;un viatge intr\u00e8pid, a la recerca d&#8217;Arthur Gordon Pym, a bord del vaixell Halbrane que est\u00e0 sota el comandament del germ\u00e0 del capit\u00e0 del vaixell en el que viatjava Pym. <\/li><li>i la tercera obra, seria aquesta novel\u00b7la, que finalitzaria la hist\u00f2ria.<\/li><\/ul>\n\n\n\n<p>Per acompanyar la lectura us hem preparat el d\u00edptic, <a href=\"https:\/\/www.bibgirona.cat\/assets\/documents\/000\/432\/781\/a_les_muntanyes_de_la_follia_-_llibres_ficticis.pdf\">Llibres ficticis<\/a>, podeu clicar el t\u00edtol per llegir-lo.<\/p>\n\n\n\n<p>Bona lectura!<\/p>\n","protected":false},"excerpt":{"rendered":"<p>Lovecraft, celebrat escriptor de narracions terror\u00edfiques breus, ens endinsa amb aquesta hist\u00f2ria en el seu m\u00f3n de religions i deus antics i macabres que sovint escapen a la comprenssi\u00f3 de la ment humana. A les muntanyes de la follia comen\u00e7a<\/p>\n","protected":false},"author":4,"featured_media":0,"comment_status":"open","ping_status":"open","sticky":false,"template":"","format":"standard","meta":{"sfsi_plus_gutenberg_text_before_share":"","sfsi_plus_gutenberg_show_text_before_share":"","sfsi_plus_gutenberg_icon_type":"","sfsi_plus_gutenberg_icon_alignemt":"","sfsi_plus_gutenburg_max_per_row":"","footnotes":""},"categories":[9],"tags":[],"class_list":["post-205","post","type-post","status-publish","format-standard","hentry","category-lectures"],"yoast_head":"<!-- This site is optimized with the Yoast SEO plugin v27.5 - https:\/\/yoast.com\/product\/yoast-seo-wordpress\/ -->\n<title>A les muntanyes de la follia, de H.P. Lovecraft - Dijous de Lletres i Mots<\/title>\n<meta name=\"robots\" content=\"index, follow, max-snippet:-1, max-image-preview:large, max-video-preview:-1\" \/>\n<link rel=\"canonical\" href=\"https:\/\/biblioteca.blanes.cat\/dijousdelletresimots\/a-les-muntanyes-de-la-follia-de-h-p-lovecraft\/\" \/>\n<meta property=\"og:locale\" content=\"ca_ES\" \/>\n<meta property=\"og:type\" content=\"article\" \/>\n<meta property=\"og:title\" content=\"A les muntanyes de la follia, de H.P. Lovecraft - Dijous de Lletres i Mots\" \/>\n<meta property=\"og:description\" content=\"Lovecraft, celebrat escriptor de narracions terror\u00edfiques breus, ens endinsa amb aquesta hist\u00f2ria en el seu m\u00f3n de religions i deus antics i macabres que sovint escapen a la comprenssi\u00f3 de la ment humana. A les muntanyes de la follia comen\u00e7a\" \/>\n<meta property=\"og:url\" content=\"https:\/\/biblioteca.blanes.cat\/dijousdelletresimots\/a-les-muntanyes-de-la-follia-de-h-p-lovecraft\/\" \/>\n<meta property=\"og:site_name\" content=\"Dijous de Lletres i Mots\" \/>\n<meta property=\"article:published_time\" content=\"2021-08-06T13:45:15+00:00\" \/>\n<meta property=\"article:modified_time\" content=\"2021-08-06T13:45:27+00:00\" \/>\n<meta property=\"og:image\" content=\"https:\/\/www.editorialbase.cat\/imatges\/llibres\/follia(pg).jpg\" \/>\n<meta name=\"author\" content=\"biblioblanes\" \/>\n<meta name=\"twitter:card\" content=\"summary_large_image\" \/>\n<meta name=\"twitter:creator\" content=\"@biblioblanes\" \/>\n<meta name=\"twitter:label1\" content=\"Escrit per\" \/>\n\t<meta name=\"twitter:data1\" content=\"biblioblanes\" \/>\n\t<meta name=\"twitter:label2\" content=\"Temps estimat de lectura\" \/>\n\t<meta name=\"twitter:data2\" content=\"2 minuts\" \/>\n<script type=\"application\/ld+json\" class=\"yoast-schema-graph\">{\"@context\":\"https:\\\/\\\/schema.org\",\"@graph\":[{\"@type\":\"Article\",\"@id\":\"https:\\\/\\\/biblioteca.blanes.cat\\\/dijousdelletresimots\\\/a-les-muntanyes-de-la-follia-de-h-p-lovecraft\\\/#article\",\"isPartOf\":{\"@id\":\"https:\\\/\\\/biblioteca.blanes.cat\\\/dijousdelletresimots\\\/a-les-muntanyes-de-la-follia-de-h-p-lovecraft\\\/\"},\"author\":{\"name\":\"biblioblanes\",\"@id\":\"https:\\\/\\\/biblioteca.blanes.cat\\\/dijousdelletresimots\\\/#\\\/schema\\\/person\\\/5a7b46760d9dd611d098bbf571a341dc\"},\"headline\":\"A les muntanyes de la follia, de H.P. Lovecraft\",\"datePublished\":\"2021-08-06T13:45:15+00:00\",\"dateModified\":\"2021-08-06T13:45:27+00:00\",\"mainEntityOfPage\":{\"@id\":\"https:\\\/\\\/biblioteca.blanes.cat\\\/dijousdelletresimots\\\/a-les-muntanyes-de-la-follia-de-h-p-lovecraft\\\/\"},\"wordCount\":339,\"commentCount\":0,\"image\":{\"@id\":\"https:\\\/\\\/biblioteca.blanes.cat\\\/dijousdelletresimots\\\/a-les-muntanyes-de-la-follia-de-h-p-lovecraft\\\/#primaryimage\"},\"thumbnailUrl\":\"https:\\\/\\\/www.editorialbase.cat\\\/imatges\\\/llibres\\\/follia(pg).jpg\",\"articleSection\":[\"Lectures\"],\"inLanguage\":\"ca\",\"potentialAction\":[{\"@type\":\"CommentAction\",\"name\":\"Comment\",\"target\":[\"https:\\\/\\\/biblioteca.blanes.cat\\\/dijousdelletresimots\\\/a-les-muntanyes-de-la-follia-de-h-p-lovecraft\\\/#respond\"]}]},{\"@type\":\"WebPage\",\"@id\":\"https:\\\/\\\/biblioteca.blanes.cat\\\/dijousdelletresimots\\\/a-les-muntanyes-de-la-follia-de-h-p-lovecraft\\\/\",\"url\":\"https:\\\/\\\/biblioteca.blanes.cat\\\/dijousdelletresimots\\\/a-les-muntanyes-de-la-follia-de-h-p-lovecraft\\\/\",\"name\":\"A les muntanyes de la follia, de H.P. Lovecraft - Dijous de Lletres i Mots\",\"isPartOf\":{\"@id\":\"https:\\\/\\\/biblioteca.blanes.cat\\\/dijousdelletresimots\\\/#website\"},\"primaryImageOfPage\":{\"@id\":\"https:\\\/\\\/biblioteca.blanes.cat\\\/dijousdelletresimots\\\/a-les-muntanyes-de-la-follia-de-h-p-lovecraft\\\/#primaryimage\"},\"image\":{\"@id\":\"https:\\\/\\\/biblioteca.blanes.cat\\\/dijousdelletresimots\\\/a-les-muntanyes-de-la-follia-de-h-p-lovecraft\\\/#primaryimage\"},\"thumbnailUrl\":\"https:\\\/\\\/www.editorialbase.cat\\\/imatges\\\/llibres\\\/follia(pg).jpg\",\"datePublished\":\"2021-08-06T13:45:15+00:00\",\"dateModified\":\"2021-08-06T13:45:27+00:00\",\"author\":{\"@id\":\"https:\\\/\\\/biblioteca.blanes.cat\\\/dijousdelletresimots\\\/#\\\/schema\\\/person\\\/5a7b46760d9dd611d098bbf571a341dc\"},\"breadcrumb\":{\"@id\":\"https:\\\/\\\/biblioteca.blanes.cat\\\/dijousdelletresimots\\\/a-les-muntanyes-de-la-follia-de-h-p-lovecraft\\\/#breadcrumb\"},\"inLanguage\":\"ca\",\"potentialAction\":[{\"@type\":\"ReadAction\",\"target\":[\"https:\\\/\\\/biblioteca.blanes.cat\\\/dijousdelletresimots\\\/a-les-muntanyes-de-la-follia-de-h-p-lovecraft\\\/\"]}]},{\"@type\":\"ImageObject\",\"inLanguage\":\"ca\",\"@id\":\"https:\\\/\\\/biblioteca.blanes.cat\\\/dijousdelletresimots\\\/a-les-muntanyes-de-la-follia-de-h-p-lovecraft\\\/#primaryimage\",\"url\":\"https:\\\/\\\/www.editorialbase.cat\\\/imatges\\\/llibres\\\/follia(pg).jpg\",\"contentUrl\":\"https:\\\/\\\/www.editorialbase.cat\\\/imatges\\\/llibres\\\/follia(pg).jpg\"},{\"@type\":\"BreadcrumbList\",\"@id\":\"https:\\\/\\\/biblioteca.blanes.cat\\\/dijousdelletresimots\\\/a-les-muntanyes-de-la-follia-de-h-p-lovecraft\\\/#breadcrumb\",\"itemListElement\":[{\"@type\":\"ListItem\",\"position\":1,\"name\":\"Inici\",\"item\":\"https:\\\/\\\/biblioteca.blanes.cat\\\/dijousdelletresimots\\\/\"},{\"@type\":\"ListItem\",\"position\":2,\"name\":\"A les muntanyes de la follia, de H.P. Lovecraft\"}]},{\"@type\":\"WebSite\",\"@id\":\"https:\\\/\\\/biblioteca.blanes.cat\\\/dijousdelletresimots\\\/#website\",\"url\":\"https:\\\/\\\/biblioteca.blanes.cat\\\/dijousdelletresimots\\\/\",\"name\":\"Dijous de Lletres i Mots\",\"description\":\"\",\"potentialAction\":[{\"@type\":\"SearchAction\",\"target\":{\"@type\":\"EntryPoint\",\"urlTemplate\":\"https:\\\/\\\/biblioteca.blanes.cat\\\/dijousdelletresimots\\\/?s={search_term_string}\"},\"query-input\":{\"@type\":\"PropertyValueSpecification\",\"valueRequired\":true,\"valueName\":\"search_term_string\"}}],\"inLanguage\":\"ca\"},{\"@type\":\"Person\",\"@id\":\"https:\\\/\\\/biblioteca.blanes.cat\\\/dijousdelletresimots\\\/#\\\/schema\\\/person\\\/5a7b46760d9dd611d098bbf571a341dc\",\"name\":\"biblioblanes\",\"image\":{\"@type\":\"ImageObject\",\"inLanguage\":\"ca\",\"@id\":\"https:\\\/\\\/secure.gravatar.com\\\/avatar\\\/6593ca6cc90e5a70939f51c95e8315483b9c281bafba597292bee47992030f99?s=96&d=mm&r=g\",\"url\":\"https:\\\/\\\/secure.gravatar.com\\\/avatar\\\/6593ca6cc90e5a70939f51c95e8315483b9c281bafba597292bee47992030f99?s=96&d=mm&r=g\",\"contentUrl\":\"https:\\\/\\\/secure.gravatar.com\\\/avatar\\\/6593ca6cc90e5a70939f51c95e8315483b9c281bafba597292bee47992030f99?s=96&d=mm&r=g\",\"caption\":\"biblioblanes\"},\"sameAs\":[\"http:\\\/\\\/www.bibgirona.cat\\\/biblioteca\\\/blanes\",\"https:\\\/\\\/x.com\\\/biblioblanes\"],\"url\":\"https:\\\/\\\/biblioteca.blanes.cat\\\/dijousdelletresimots\\\/author\\\/biblioblanes\\\/\"}]}<\/script>\n<!-- \/ Yoast SEO plugin. -->","yoast_head_json":{"title":"A les muntanyes de la follia, de H.P. Lovecraft - Dijous de Lletres i Mots","robots":{"index":"index","follow":"follow","max-snippet":"max-snippet:-1","max-image-preview":"max-image-preview:large","max-video-preview":"max-video-preview:-1"},"canonical":"https:\/\/biblioteca.blanes.cat\/dijousdelletresimots\/a-les-muntanyes-de-la-follia-de-h-p-lovecraft\/","og_locale":"ca_ES","og_type":"article","og_title":"A les muntanyes de la follia, de H.P. Lovecraft - Dijous de Lletres i Mots","og_description":"Lovecraft, celebrat escriptor de narracions terror\u00edfiques breus, ens endinsa amb aquesta hist\u00f2ria en el seu m\u00f3n de religions i deus antics i macabres que sovint escapen a la comprenssi\u00f3 de la ment humana. A les muntanyes de la follia comen\u00e7a","og_url":"https:\/\/biblioteca.blanes.cat\/dijousdelletresimots\/a-les-muntanyes-de-la-follia-de-h-p-lovecraft\/","og_site_name":"Dijous de Lletres i Mots","article_published_time":"2021-08-06T13:45:15+00:00","article_modified_time":"2021-08-06T13:45:27+00:00","og_image":[{"url":"https:\/\/www.editorialbase.cat\/imatges\/llibres\/follia(pg).jpg","type":"","width":"","height":""}],"author":"biblioblanes","twitter_card":"summary_large_image","twitter_creator":"@biblioblanes","twitter_misc":{"Escrit per":"biblioblanes","Temps estimat de lectura":"2 minuts"},"schema":{"@context":"https:\/\/schema.org","@graph":[{"@type":"Article","@id":"https:\/\/biblioteca.blanes.cat\/dijousdelletresimots\/a-les-muntanyes-de-la-follia-de-h-p-lovecraft\/#article","isPartOf":{"@id":"https:\/\/biblioteca.blanes.cat\/dijousdelletresimots\/a-les-muntanyes-de-la-follia-de-h-p-lovecraft\/"},"author":{"name":"biblioblanes","@id":"https:\/\/biblioteca.blanes.cat\/dijousdelletresimots\/#\/schema\/person\/5a7b46760d9dd611d098bbf571a341dc"},"headline":"A les muntanyes de la follia, de H.P. Lovecraft","datePublished":"2021-08-06T13:45:15+00:00","dateModified":"2021-08-06T13:45:27+00:00","mainEntityOfPage":{"@id":"https:\/\/biblioteca.blanes.cat\/dijousdelletresimots\/a-les-muntanyes-de-la-follia-de-h-p-lovecraft\/"},"wordCount":339,"commentCount":0,"image":{"@id":"https:\/\/biblioteca.blanes.cat\/dijousdelletresimots\/a-les-muntanyes-de-la-follia-de-h-p-lovecraft\/#primaryimage"},"thumbnailUrl":"https:\/\/www.editorialbase.cat\/imatges\/llibres\/follia(pg).jpg","articleSection":["Lectures"],"inLanguage":"ca","potentialAction":[{"@type":"CommentAction","name":"Comment","target":["https:\/\/biblioteca.blanes.cat\/dijousdelletresimots\/a-les-muntanyes-de-la-follia-de-h-p-lovecraft\/#respond"]}]},{"@type":"WebPage","@id":"https:\/\/biblioteca.blanes.cat\/dijousdelletresimots\/a-les-muntanyes-de-la-follia-de-h-p-lovecraft\/","url":"https:\/\/biblioteca.blanes.cat\/dijousdelletresimots\/a-les-muntanyes-de-la-follia-de-h-p-lovecraft\/","name":"A les muntanyes de la follia, de H.P. Lovecraft - Dijous de Lletres i Mots","isPartOf":{"@id":"https:\/\/biblioteca.blanes.cat\/dijousdelletresimots\/#website"},"primaryImageOfPage":{"@id":"https:\/\/biblioteca.blanes.cat\/dijousdelletresimots\/a-les-muntanyes-de-la-follia-de-h-p-lovecraft\/#primaryimage"},"image":{"@id":"https:\/\/biblioteca.blanes.cat\/dijousdelletresimots\/a-les-muntanyes-de-la-follia-de-h-p-lovecraft\/#primaryimage"},"thumbnailUrl":"https:\/\/www.editorialbase.cat\/imatges\/llibres\/follia(pg).jpg","datePublished":"2021-08-06T13:45:15+00:00","dateModified":"2021-08-06T13:45:27+00:00","author":{"@id":"https:\/\/biblioteca.blanes.cat\/dijousdelletresimots\/#\/schema\/person\/5a7b46760d9dd611d098bbf571a341dc"},"breadcrumb":{"@id":"https:\/\/biblioteca.blanes.cat\/dijousdelletresimots\/a-les-muntanyes-de-la-follia-de-h-p-lovecraft\/#breadcrumb"},"inLanguage":"ca","potentialAction":[{"@type":"ReadAction","target":["https:\/\/biblioteca.blanes.cat\/dijousdelletresimots\/a-les-muntanyes-de-la-follia-de-h-p-lovecraft\/"]}]},{"@type":"ImageObject","inLanguage":"ca","@id":"https:\/\/biblioteca.blanes.cat\/dijousdelletresimots\/a-les-muntanyes-de-la-follia-de-h-p-lovecraft\/#primaryimage","url":"https:\/\/www.editorialbase.cat\/imatges\/llibres\/follia(pg).jpg","contentUrl":"https:\/\/www.editorialbase.cat\/imatges\/llibres\/follia(pg).jpg"},{"@type":"BreadcrumbList","@id":"https:\/\/biblioteca.blanes.cat\/dijousdelletresimots\/a-les-muntanyes-de-la-follia-de-h-p-lovecraft\/#breadcrumb","itemListElement":[{"@type":"ListItem","position":1,"name":"Inici","item":"https:\/\/biblioteca.blanes.cat\/dijousdelletresimots\/"},{"@type":"ListItem","position":2,"name":"A les muntanyes de la follia, de H.P. Lovecraft"}]},{"@type":"WebSite","@id":"https:\/\/biblioteca.blanes.cat\/dijousdelletresimots\/#website","url":"https:\/\/biblioteca.blanes.cat\/dijousdelletresimots\/","name":"Dijous de Lletres i Mots","description":"","potentialAction":[{"@type":"SearchAction","target":{"@type":"EntryPoint","urlTemplate":"https:\/\/biblioteca.blanes.cat\/dijousdelletresimots\/?s={search_term_string}"},"query-input":{"@type":"PropertyValueSpecification","valueRequired":true,"valueName":"search_term_string"}}],"inLanguage":"ca"},{"@type":"Person","@id":"https:\/\/biblioteca.blanes.cat\/dijousdelletresimots\/#\/schema\/person\/5a7b46760d9dd611d098bbf571a341dc","name":"biblioblanes","image":{"@type":"ImageObject","inLanguage":"ca","@id":"https:\/\/secure.gravatar.com\/avatar\/6593ca6cc90e5a70939f51c95e8315483b9c281bafba597292bee47992030f99?s=96&d=mm&r=g","url":"https:\/\/secure.gravatar.com\/avatar\/6593ca6cc90e5a70939f51c95e8315483b9c281bafba597292bee47992030f99?s=96&d=mm&r=g","contentUrl":"https:\/\/secure.gravatar.com\/avatar\/6593ca6cc90e5a70939f51c95e8315483b9c281bafba597292bee47992030f99?s=96&d=mm&r=g","caption":"biblioblanes"},"sameAs":["http:\/\/www.bibgirona.cat\/biblioteca\/blanes","https:\/\/x.com\/biblioblanes"],"url":"https:\/\/biblioteca.blanes.cat\/dijousdelletresimots\/author\/biblioblanes\/"}]}},"_links":{"self":[{"href":"https:\/\/biblioteca.blanes.cat\/dijousdelletresimots\/wp-json\/wp\/v2\/posts\/205","targetHints":{"allow":["GET"]}}],"collection":[{"href":"https:\/\/biblioteca.blanes.cat\/dijousdelletresimots\/wp-json\/wp\/v2\/posts"}],"about":[{"href":"https:\/\/biblioteca.blanes.cat\/dijousdelletresimots\/wp-json\/wp\/v2\/types\/post"}],"author":[{"embeddable":true,"href":"https:\/\/biblioteca.blanes.cat\/dijousdelletresimots\/wp-json\/wp\/v2\/users\/4"}],"replies":[{"embeddable":true,"href":"https:\/\/biblioteca.blanes.cat\/dijousdelletresimots\/wp-json\/wp\/v2\/comments?post=205"}],"version-history":[{"count":1,"href":"https:\/\/biblioteca.blanes.cat\/dijousdelletresimots\/wp-json\/wp\/v2\/posts\/205\/revisions"}],"predecessor-version":[{"id":206,"href":"https:\/\/biblioteca.blanes.cat\/dijousdelletresimots\/wp-json\/wp\/v2\/posts\/205\/revisions\/206"}],"wp:attachment":[{"href":"https:\/\/biblioteca.blanes.cat\/dijousdelletresimots\/wp-json\/wp\/v2\/media?parent=205"}],"wp:term":[{"taxonomy":"category","embeddable":true,"href":"https:\/\/biblioteca.blanes.cat\/dijousdelletresimots\/wp-json\/wp\/v2\/categories?post=205"},{"taxonomy":"post_tag","embeddable":true,"href":"https:\/\/biblioteca.blanes.cat\/dijousdelletresimots\/wp-json\/wp\/v2\/tags?post=205"}],"curies":[{"name":"wp","href":"https:\/\/api.w.org\/{rel}","templated":true}]}}