{"id":192,"date":"2021-05-07T09:21:39","date_gmt":"2021-05-07T08:21:39","guid":{"rendered":"https:\/\/biblioteca.blanes.cat\/dijousdelletresimots\/?p=192"},"modified":"2021-05-07T09:21:40","modified_gmt":"2021-05-07T08:21:40","slug":"el-verano-que-mi-madre-tuvo-los-ojos-verdes-tatiana-tibuleac","status":"publish","type":"post","link":"https:\/\/biblioteca.blanes.cat\/dijousdelletresimots\/el-verano-que-mi-madre-tuvo-los-ojos-verdes-tatiana-tibuleac\/","title":{"rendered":"El verano que mi madre tuvo los ojos verdes, Tatiana Tibuleac"},"content":{"rendered":"\n<p>Properament parlarem d&#8217;aquesta novel\u00b7la que ha estat un dels debuts literaris europeus m\u00e9s important dels \u00faltims anys. En ella, Tibuleac, explica l&#8217;\u00faltim estiu que passa Aleksy amb la seva mare, malalta de c\u00e0ncer, i detalla totes les emocions que el van sacsejar durant aquell estiu en un poblet franc\u00e9s: la ranc\u00fania, la tristesa, la r\u00e0bia, etc. <\/p>\n\n\n\n<div class=\"wp-block-image\"><figure class=\"aligncenter is-resized\"><img decoding=\"async\" src=\"https:\/\/impedimenta.es\/wp-content\/uploads\/libros\/portadas_HQ\/9788417553036_EL%20VERANO%20EN%20QUE%20MI%20MADRE_TIBULEAC_RGB_900.jpg\" alt=\"El verano en que mi madre tuvo los ojos verdes - Impedimenta\" width=\"123\" height=\"190\"\/><\/figure><\/div>\n\n\n\n<p>Aquesta obra \u00e9s el relat d&#8217;un estiu de reconciliaci\u00f3, de tres mesos en els que mare i fill per fi abaixen les armes, incitats per l&#8217;arribada d&#8217;all\u00f2 inevitable i per la necessitat de fer les paus entre si i amb ells mateixos. Plena d&#8217;emoci\u00f3 i de cruesa, Tibuleac mostra una intensa for\u00e7a narrativa en aquest testimoni brutal que uneix ressentiment, impot\u00e8ncia i la fragilitat de les relacions materno-filials. Una poderosa novel\u00b7la que entrelliga la vida i la mort en un crit a l&#8217;amor i al perd\u00f3.<\/p>\n\n\n\n<p>En <a href=\"https:\/\/www.vogue.es\/living\/articulos\/tatiana-tibuleac-el-verano-en-que-mi-madre-tuvo-los-ojos-verdes-fenomeno-literario-entrevista-impedimenta\">aquest enlla\u00e7<\/a>, podeu trobar una entrevista molt interessant amb l&#8217;autora que parla sobre la novel\u00b7la i sobre el fet d&#8217;escriure.<\/p>\n\n\n\n<p>Per acompanyar la lectura, us hem preparat un d\u00edptic sobre les relacions maternes i paternes a la literatura. <a href=\"https:\/\/www.bibgirona.cat\/assets\/documents\/000\/425\/242\/el_verano_que_mi_madre_-_relacions_paternofilials.pdf\">Cliqueu aqu\u00ed <\/a>per llegir-lo.<\/p>\n\n\n\n<p>Esperem que gaudiu de la lectura!<\/p>\n","protected":false},"excerpt":{"rendered":"<p>Properament parlarem d&#8217;aquesta novel\u00b7la que ha estat un dels debuts literaris europeus m\u00e9s important dels \u00faltims anys. En ella, Tibuleac, explica l&#8217;\u00faltim estiu que passa Aleksy amb la seva mare, malalta de c\u00e0ncer, i detalla totes les emocions que el<\/p>\n","protected":false},"author":4,"featured_media":0,"comment_status":"open","ping_status":"open","sticky":false,"template":"","format":"standard","meta":{"sfsi_plus_gutenberg_text_before_share":"","sfsi_plus_gutenberg_show_text_before_share":"","sfsi_plus_gutenberg_icon_type":"","sfsi_plus_gutenberg_icon_alignemt":"","sfsi_plus_gutenburg_max_per_row":"","footnotes":""},"categories":[9],"tags":[],"class_list":["post-192","post","type-post","status-publish","format-standard","hentry","category-lectures"],"yoast_head":"<!-- This site is optimized with the Yoast SEO plugin v27.5 - https:\/\/yoast.com\/product\/yoast-seo-wordpress\/ -->\n<title>El verano que mi madre tuvo los ojos verdes, Tatiana Tibuleac - Dijous de Lletres i Mots<\/title>\n<meta name=\"robots\" content=\"index, follow, max-snippet:-1, max-image-preview:large, max-video-preview:-1\" \/>\n<link rel=\"canonical\" href=\"https:\/\/biblioteca.blanes.cat\/dijousdelletresimots\/el-verano-que-mi-madre-tuvo-los-ojos-verdes-tatiana-tibuleac\/\" \/>\n<meta property=\"og:locale\" content=\"ca_ES\" \/>\n<meta property=\"og:type\" content=\"article\" \/>\n<meta property=\"og:title\" content=\"El verano que mi madre tuvo los ojos verdes, Tatiana Tibuleac - Dijous de Lletres i Mots\" \/>\n<meta property=\"og:description\" content=\"Properament parlarem d&#8217;aquesta novel\u00b7la que ha estat un dels debuts literaris europeus m\u00e9s important dels \u00faltims anys. En ella, Tibuleac, explica l&#8217;\u00faltim estiu que passa Aleksy amb la seva mare, malalta de c\u00e0ncer, i detalla totes les emocions que el\" \/>\n<meta property=\"og:url\" content=\"https:\/\/biblioteca.blanes.cat\/dijousdelletresimots\/el-verano-que-mi-madre-tuvo-los-ojos-verdes-tatiana-tibuleac\/\" \/>\n<meta property=\"og:site_name\" content=\"Dijous de Lletres i Mots\" \/>\n<meta property=\"article:published_time\" content=\"2021-05-07T08:21:39+00:00\" \/>\n<meta property=\"article:modified_time\" content=\"2021-05-07T08:21:40+00:00\" \/>\n<meta property=\"og:image\" content=\"https:\/\/impedimenta.es\/wp-content\/uploads\/libros\/portadas_HQ\/9788417553036_EL%20VERANO%20EN%20QUE%20MI%20MADRE_TIBULEAC_RGB_900.jpg\" \/>\n<meta name=\"author\" content=\"biblioblanes\" \/>\n<meta name=\"twitter:card\" content=\"summary_large_image\" \/>\n<meta name=\"twitter:creator\" content=\"@biblioblanes\" \/>\n<meta name=\"twitter:label1\" content=\"Escrit per\" \/>\n\t<meta name=\"twitter:data1\" content=\"biblioblanes\" \/>\n\t<meta name=\"twitter:label2\" content=\"Temps estimat de lectura\" \/>\n\t<meta name=\"twitter:data2\" content=\"2 minuts\" \/>\n<script type=\"application\/ld+json\" class=\"yoast-schema-graph\">{\"@context\":\"https:\\\/\\\/schema.org\",\"@graph\":[{\"@type\":\"Article\",\"@id\":\"https:\\\/\\\/biblioteca.blanes.cat\\\/dijousdelletresimots\\\/el-verano-que-mi-madre-tuvo-los-ojos-verdes-tatiana-tibuleac\\\/#article\",\"isPartOf\":{\"@id\":\"https:\\\/\\\/biblioteca.blanes.cat\\\/dijousdelletresimots\\\/el-verano-que-mi-madre-tuvo-los-ojos-verdes-tatiana-tibuleac\\\/\"},\"author\":{\"name\":\"biblioblanes\",\"@id\":\"https:\\\/\\\/biblioteca.blanes.cat\\\/dijousdelletresimots\\\/#\\\/schema\\\/person\\\/5a7b46760d9dd611d098bbf571a341dc\"},\"headline\":\"El verano que mi madre tuvo los ojos verdes, Tatiana Tibuleac\",\"datePublished\":\"2021-05-07T08:21:39+00:00\",\"dateModified\":\"2021-05-07T08:21:40+00:00\",\"mainEntityOfPage\":{\"@id\":\"https:\\\/\\\/biblioteca.blanes.cat\\\/dijousdelletresimots\\\/el-verano-que-mi-madre-tuvo-los-ojos-verdes-tatiana-tibuleac\\\/\"},\"wordCount\":222,\"commentCount\":0,\"image\":{\"@id\":\"https:\\\/\\\/biblioteca.blanes.cat\\\/dijousdelletresimots\\\/el-verano-que-mi-madre-tuvo-los-ojos-verdes-tatiana-tibuleac\\\/#primaryimage\"},\"thumbnailUrl\":\"https:\\\/\\\/impedimenta.es\\\/wp-content\\\/uploads\\\/libros\\\/portadas_HQ\\\/9788417553036_EL%20VERANO%20EN%20QUE%20MI%20MADRE_TIBULEAC_RGB_900.jpg\",\"articleSection\":[\"Lectures\"],\"inLanguage\":\"ca\",\"potentialAction\":[{\"@type\":\"CommentAction\",\"name\":\"Comment\",\"target\":[\"https:\\\/\\\/biblioteca.blanes.cat\\\/dijousdelletresimots\\\/el-verano-que-mi-madre-tuvo-los-ojos-verdes-tatiana-tibuleac\\\/#respond\"]}]},{\"@type\":\"WebPage\",\"@id\":\"https:\\\/\\\/biblioteca.blanes.cat\\\/dijousdelletresimots\\\/el-verano-que-mi-madre-tuvo-los-ojos-verdes-tatiana-tibuleac\\\/\",\"url\":\"https:\\\/\\\/biblioteca.blanes.cat\\\/dijousdelletresimots\\\/el-verano-que-mi-madre-tuvo-los-ojos-verdes-tatiana-tibuleac\\\/\",\"name\":\"El verano que mi madre tuvo los ojos verdes, Tatiana Tibuleac - Dijous de Lletres i Mots\",\"isPartOf\":{\"@id\":\"https:\\\/\\\/biblioteca.blanes.cat\\\/dijousdelletresimots\\\/#website\"},\"primaryImageOfPage\":{\"@id\":\"https:\\\/\\\/biblioteca.blanes.cat\\\/dijousdelletresimots\\\/el-verano-que-mi-madre-tuvo-los-ojos-verdes-tatiana-tibuleac\\\/#primaryimage\"},\"image\":{\"@id\":\"https:\\\/\\\/biblioteca.blanes.cat\\\/dijousdelletresimots\\\/el-verano-que-mi-madre-tuvo-los-ojos-verdes-tatiana-tibuleac\\\/#primaryimage\"},\"thumbnailUrl\":\"https:\\\/\\\/impedimenta.es\\\/wp-content\\\/uploads\\\/libros\\\/portadas_HQ\\\/9788417553036_EL%20VERANO%20EN%20QUE%20MI%20MADRE_TIBULEAC_RGB_900.jpg\",\"datePublished\":\"2021-05-07T08:21:39+00:00\",\"dateModified\":\"2021-05-07T08:21:40+00:00\",\"author\":{\"@id\":\"https:\\\/\\\/biblioteca.blanes.cat\\\/dijousdelletresimots\\\/#\\\/schema\\\/person\\\/5a7b46760d9dd611d098bbf571a341dc\"},\"breadcrumb\":{\"@id\":\"https:\\\/\\\/biblioteca.blanes.cat\\\/dijousdelletresimots\\\/el-verano-que-mi-madre-tuvo-los-ojos-verdes-tatiana-tibuleac\\\/#breadcrumb\"},\"inLanguage\":\"ca\",\"potentialAction\":[{\"@type\":\"ReadAction\",\"target\":[\"https:\\\/\\\/biblioteca.blanes.cat\\\/dijousdelletresimots\\\/el-verano-que-mi-madre-tuvo-los-ojos-verdes-tatiana-tibuleac\\\/\"]}]},{\"@type\":\"ImageObject\",\"inLanguage\":\"ca\",\"@id\":\"https:\\\/\\\/biblioteca.blanes.cat\\\/dijousdelletresimots\\\/el-verano-que-mi-madre-tuvo-los-ojos-verdes-tatiana-tibuleac\\\/#primaryimage\",\"url\":\"https:\\\/\\\/impedimenta.es\\\/wp-content\\\/uploads\\\/libros\\\/portadas_HQ\\\/9788417553036_EL%20VERANO%20EN%20QUE%20MI%20MADRE_TIBULEAC_RGB_900.jpg\",\"contentUrl\":\"https:\\\/\\\/impedimenta.es\\\/wp-content\\\/uploads\\\/libros\\\/portadas_HQ\\\/9788417553036_EL%20VERANO%20EN%20QUE%20MI%20MADRE_TIBULEAC_RGB_900.jpg\"},{\"@type\":\"BreadcrumbList\",\"@id\":\"https:\\\/\\\/biblioteca.blanes.cat\\\/dijousdelletresimots\\\/el-verano-que-mi-madre-tuvo-los-ojos-verdes-tatiana-tibuleac\\\/#breadcrumb\",\"itemListElement\":[{\"@type\":\"ListItem\",\"position\":1,\"name\":\"Inici\",\"item\":\"https:\\\/\\\/biblioteca.blanes.cat\\\/dijousdelletresimots\\\/\"},{\"@type\":\"ListItem\",\"position\":2,\"name\":\"El verano que mi madre tuvo los ojos verdes, Tatiana Tibuleac\"}]},{\"@type\":\"WebSite\",\"@id\":\"https:\\\/\\\/biblioteca.blanes.cat\\\/dijousdelletresimots\\\/#website\",\"url\":\"https:\\\/\\\/biblioteca.blanes.cat\\\/dijousdelletresimots\\\/\",\"name\":\"Dijous de Lletres i Mots\",\"description\":\"\",\"potentialAction\":[{\"@type\":\"SearchAction\",\"target\":{\"@type\":\"EntryPoint\",\"urlTemplate\":\"https:\\\/\\\/biblioteca.blanes.cat\\\/dijousdelletresimots\\\/?s={search_term_string}\"},\"query-input\":{\"@type\":\"PropertyValueSpecification\",\"valueRequired\":true,\"valueName\":\"search_term_string\"}}],\"inLanguage\":\"ca\"},{\"@type\":\"Person\",\"@id\":\"https:\\\/\\\/biblioteca.blanes.cat\\\/dijousdelletresimots\\\/#\\\/schema\\\/person\\\/5a7b46760d9dd611d098bbf571a341dc\",\"name\":\"biblioblanes\",\"image\":{\"@type\":\"ImageObject\",\"inLanguage\":\"ca\",\"@id\":\"https:\\\/\\\/secure.gravatar.com\\\/avatar\\\/6593ca6cc90e5a70939f51c95e8315483b9c281bafba597292bee47992030f99?s=96&d=mm&r=g\",\"url\":\"https:\\\/\\\/secure.gravatar.com\\\/avatar\\\/6593ca6cc90e5a70939f51c95e8315483b9c281bafba597292bee47992030f99?s=96&d=mm&r=g\",\"contentUrl\":\"https:\\\/\\\/secure.gravatar.com\\\/avatar\\\/6593ca6cc90e5a70939f51c95e8315483b9c281bafba597292bee47992030f99?s=96&d=mm&r=g\",\"caption\":\"biblioblanes\"},\"sameAs\":[\"http:\\\/\\\/www.bibgirona.cat\\\/biblioteca\\\/blanes\",\"https:\\\/\\\/x.com\\\/biblioblanes\"],\"url\":\"https:\\\/\\\/biblioteca.blanes.cat\\\/dijousdelletresimots\\\/author\\\/biblioblanes\\\/\"}]}<\/script>\n<!-- \/ Yoast SEO plugin. -->","yoast_head_json":{"title":"El verano que mi madre tuvo los ojos verdes, Tatiana Tibuleac - Dijous de Lletres i Mots","robots":{"index":"index","follow":"follow","max-snippet":"max-snippet:-1","max-image-preview":"max-image-preview:large","max-video-preview":"max-video-preview:-1"},"canonical":"https:\/\/biblioteca.blanes.cat\/dijousdelletresimots\/el-verano-que-mi-madre-tuvo-los-ojos-verdes-tatiana-tibuleac\/","og_locale":"ca_ES","og_type":"article","og_title":"El verano que mi madre tuvo los ojos verdes, Tatiana Tibuleac - Dijous de Lletres i Mots","og_description":"Properament parlarem d&#8217;aquesta novel\u00b7la que ha estat un dels debuts literaris europeus m\u00e9s important dels \u00faltims anys. En ella, Tibuleac, explica l&#8217;\u00faltim estiu que passa Aleksy amb la seva mare, malalta de c\u00e0ncer, i detalla totes les emocions que el","og_url":"https:\/\/biblioteca.blanes.cat\/dijousdelletresimots\/el-verano-que-mi-madre-tuvo-los-ojos-verdes-tatiana-tibuleac\/","og_site_name":"Dijous de Lletres i Mots","article_published_time":"2021-05-07T08:21:39+00:00","article_modified_time":"2021-05-07T08:21:40+00:00","og_image":[{"url":"https:\/\/impedimenta.es\/wp-content\/uploads\/libros\/portadas_HQ\/9788417553036_EL%20VERANO%20EN%20QUE%20MI%20MADRE_TIBULEAC_RGB_900.jpg","type":"","width":"","height":""}],"author":"biblioblanes","twitter_card":"summary_large_image","twitter_creator":"@biblioblanes","twitter_misc":{"Escrit per":"biblioblanes","Temps estimat de lectura":"2 minuts"},"schema":{"@context":"https:\/\/schema.org","@graph":[{"@type":"Article","@id":"https:\/\/biblioteca.blanes.cat\/dijousdelletresimots\/el-verano-que-mi-madre-tuvo-los-ojos-verdes-tatiana-tibuleac\/#article","isPartOf":{"@id":"https:\/\/biblioteca.blanes.cat\/dijousdelletresimots\/el-verano-que-mi-madre-tuvo-los-ojos-verdes-tatiana-tibuleac\/"},"author":{"name":"biblioblanes","@id":"https:\/\/biblioteca.blanes.cat\/dijousdelletresimots\/#\/schema\/person\/5a7b46760d9dd611d098bbf571a341dc"},"headline":"El verano que mi madre tuvo los ojos verdes, Tatiana Tibuleac","datePublished":"2021-05-07T08:21:39+00:00","dateModified":"2021-05-07T08:21:40+00:00","mainEntityOfPage":{"@id":"https:\/\/biblioteca.blanes.cat\/dijousdelletresimots\/el-verano-que-mi-madre-tuvo-los-ojos-verdes-tatiana-tibuleac\/"},"wordCount":222,"commentCount":0,"image":{"@id":"https:\/\/biblioteca.blanes.cat\/dijousdelletresimots\/el-verano-que-mi-madre-tuvo-los-ojos-verdes-tatiana-tibuleac\/#primaryimage"},"thumbnailUrl":"https:\/\/impedimenta.es\/wp-content\/uploads\/libros\/portadas_HQ\/9788417553036_EL%20VERANO%20EN%20QUE%20MI%20MADRE_TIBULEAC_RGB_900.jpg","articleSection":["Lectures"],"inLanguage":"ca","potentialAction":[{"@type":"CommentAction","name":"Comment","target":["https:\/\/biblioteca.blanes.cat\/dijousdelletresimots\/el-verano-que-mi-madre-tuvo-los-ojos-verdes-tatiana-tibuleac\/#respond"]}]},{"@type":"WebPage","@id":"https:\/\/biblioteca.blanes.cat\/dijousdelletresimots\/el-verano-que-mi-madre-tuvo-los-ojos-verdes-tatiana-tibuleac\/","url":"https:\/\/biblioteca.blanes.cat\/dijousdelletresimots\/el-verano-que-mi-madre-tuvo-los-ojos-verdes-tatiana-tibuleac\/","name":"El verano que mi madre tuvo los ojos verdes, Tatiana Tibuleac - Dijous de Lletres i Mots","isPartOf":{"@id":"https:\/\/biblioteca.blanes.cat\/dijousdelletresimots\/#website"},"primaryImageOfPage":{"@id":"https:\/\/biblioteca.blanes.cat\/dijousdelletresimots\/el-verano-que-mi-madre-tuvo-los-ojos-verdes-tatiana-tibuleac\/#primaryimage"},"image":{"@id":"https:\/\/biblioteca.blanes.cat\/dijousdelletresimots\/el-verano-que-mi-madre-tuvo-los-ojos-verdes-tatiana-tibuleac\/#primaryimage"},"thumbnailUrl":"https:\/\/impedimenta.es\/wp-content\/uploads\/libros\/portadas_HQ\/9788417553036_EL%20VERANO%20EN%20QUE%20MI%20MADRE_TIBULEAC_RGB_900.jpg","datePublished":"2021-05-07T08:21:39+00:00","dateModified":"2021-05-07T08:21:40+00:00","author":{"@id":"https:\/\/biblioteca.blanes.cat\/dijousdelletresimots\/#\/schema\/person\/5a7b46760d9dd611d098bbf571a341dc"},"breadcrumb":{"@id":"https:\/\/biblioteca.blanes.cat\/dijousdelletresimots\/el-verano-que-mi-madre-tuvo-los-ojos-verdes-tatiana-tibuleac\/#breadcrumb"},"inLanguage":"ca","potentialAction":[{"@type":"ReadAction","target":["https:\/\/biblioteca.blanes.cat\/dijousdelletresimots\/el-verano-que-mi-madre-tuvo-los-ojos-verdes-tatiana-tibuleac\/"]}]},{"@type":"ImageObject","inLanguage":"ca","@id":"https:\/\/biblioteca.blanes.cat\/dijousdelletresimots\/el-verano-que-mi-madre-tuvo-los-ojos-verdes-tatiana-tibuleac\/#primaryimage","url":"https:\/\/impedimenta.es\/wp-content\/uploads\/libros\/portadas_HQ\/9788417553036_EL%20VERANO%20EN%20QUE%20MI%20MADRE_TIBULEAC_RGB_900.jpg","contentUrl":"https:\/\/impedimenta.es\/wp-content\/uploads\/libros\/portadas_HQ\/9788417553036_EL%20VERANO%20EN%20QUE%20MI%20MADRE_TIBULEAC_RGB_900.jpg"},{"@type":"BreadcrumbList","@id":"https:\/\/biblioteca.blanes.cat\/dijousdelletresimots\/el-verano-que-mi-madre-tuvo-los-ojos-verdes-tatiana-tibuleac\/#breadcrumb","itemListElement":[{"@type":"ListItem","position":1,"name":"Inici","item":"https:\/\/biblioteca.blanes.cat\/dijousdelletresimots\/"},{"@type":"ListItem","position":2,"name":"El verano que mi madre tuvo los ojos verdes, Tatiana Tibuleac"}]},{"@type":"WebSite","@id":"https:\/\/biblioteca.blanes.cat\/dijousdelletresimots\/#website","url":"https:\/\/biblioteca.blanes.cat\/dijousdelletresimots\/","name":"Dijous de Lletres i Mots","description":"","potentialAction":[{"@type":"SearchAction","target":{"@type":"EntryPoint","urlTemplate":"https:\/\/biblioteca.blanes.cat\/dijousdelletresimots\/?s={search_term_string}"},"query-input":{"@type":"PropertyValueSpecification","valueRequired":true,"valueName":"search_term_string"}}],"inLanguage":"ca"},{"@type":"Person","@id":"https:\/\/biblioteca.blanes.cat\/dijousdelletresimots\/#\/schema\/person\/5a7b46760d9dd611d098bbf571a341dc","name":"biblioblanes","image":{"@type":"ImageObject","inLanguage":"ca","@id":"https:\/\/secure.gravatar.com\/avatar\/6593ca6cc90e5a70939f51c95e8315483b9c281bafba597292bee47992030f99?s=96&d=mm&r=g","url":"https:\/\/secure.gravatar.com\/avatar\/6593ca6cc90e5a70939f51c95e8315483b9c281bafba597292bee47992030f99?s=96&d=mm&r=g","contentUrl":"https:\/\/secure.gravatar.com\/avatar\/6593ca6cc90e5a70939f51c95e8315483b9c281bafba597292bee47992030f99?s=96&d=mm&r=g","caption":"biblioblanes"},"sameAs":["http:\/\/www.bibgirona.cat\/biblioteca\/blanes","https:\/\/x.com\/biblioblanes"],"url":"https:\/\/biblioteca.blanes.cat\/dijousdelletresimots\/author\/biblioblanes\/"}]}},"_links":{"self":[{"href":"https:\/\/biblioteca.blanes.cat\/dijousdelletresimots\/wp-json\/wp\/v2\/posts\/192","targetHints":{"allow":["GET"]}}],"collection":[{"href":"https:\/\/biblioteca.blanes.cat\/dijousdelletresimots\/wp-json\/wp\/v2\/posts"}],"about":[{"href":"https:\/\/biblioteca.blanes.cat\/dijousdelletresimots\/wp-json\/wp\/v2\/types\/post"}],"author":[{"embeddable":true,"href":"https:\/\/biblioteca.blanes.cat\/dijousdelletresimots\/wp-json\/wp\/v2\/users\/4"}],"replies":[{"embeddable":true,"href":"https:\/\/biblioteca.blanes.cat\/dijousdelletresimots\/wp-json\/wp\/v2\/comments?post=192"}],"version-history":[{"count":1,"href":"https:\/\/biblioteca.blanes.cat\/dijousdelletresimots\/wp-json\/wp\/v2\/posts\/192\/revisions"}],"predecessor-version":[{"id":193,"href":"https:\/\/biblioteca.blanes.cat\/dijousdelletresimots\/wp-json\/wp\/v2\/posts\/192\/revisions\/193"}],"wp:attachment":[{"href":"https:\/\/biblioteca.blanes.cat\/dijousdelletresimots\/wp-json\/wp\/v2\/media?parent=192"}],"wp:term":[{"taxonomy":"category","embeddable":true,"href":"https:\/\/biblioteca.blanes.cat\/dijousdelletresimots\/wp-json\/wp\/v2\/categories?post=192"},{"taxonomy":"post_tag","embeddable":true,"href":"https:\/\/biblioteca.blanes.cat\/dijousdelletresimots\/wp-json\/wp\/v2\/tags?post=192"}],"curies":[{"name":"wp","href":"https:\/\/api.w.org\/{rel}","templated":true}]}}