{"id":175,"date":"2021-03-05T16:44:14","date_gmt":"2021-03-05T15:44:14","guid":{"rendered":"https:\/\/biblioteca.blanes.cat\/dijousdelletresimots\/?p=175"},"modified":"2021-03-09T09:33:43","modified_gmt":"2021-03-09T08:33:43","slug":"otello-adaptacio-de-giuseppe-verdi","status":"publish","type":"post","link":"https:\/\/biblioteca.blanes.cat\/dijousdelletresimots\/otello-adaptacio-de-giuseppe-verdi\/","title":{"rendered":"Otel\u00b7lo, adaptaci\u00f3 de Giuseppe Verdi"},"content":{"rendered":"\n<p>El mes vinent ens tornem a afegir al projecte <a href=\"https:\/\/biblioteques.gencat.cat\/ca\/el-servei-de-biblioteques\/linies-dactivitat\/promocio_lectura_cultura\/clubs_lectura\/LiceuBIB\/\">LiceuBib<\/a> en el que el Departament de Cultura, a trav\u00e9s del Servei de Biblioteques de la Direcci\u00f3 General de Cooperaci\u00f3 Cultural, i el <a href=\"https:\/\/www.liceubarcelona.cat\/ca\/gran-teatre-del-liceu\" target=\"_blank\" rel=\"noreferrer noopener\">Gran Teatre del Liceu<\/a> col\u00b7laboren per facilitar que les biblioteques ofereixin clubs al voltant de l\u2019\u00f2pera. <\/p>\n\n\n\n<div class=\"wp-block-image\"><figure class=\"aligncenter is-resized\"><img decoding=\"async\" src=\"https:\/\/grup62cat.cdnstatics2.com\/usuaris\/libros\/fotos\/316\/m_libros\/portada_otelo_william-shakespeare_202004221938.jpg\" alt=\"Otel\u00b7lo - William Shakespeare | Grup62\" width=\"125\" height=\"198\"\/><\/figure><\/div>\n\n\n\n<p>En aquest cas, llegirem <em>Otel\u00b7lo<\/em>, una de les cinc grans trag\u00e8dies de William Shakespeare, juntament amb <em>Juli C\u00e9sar, Hamlet, El rei Lear<\/em> i <em>Macbeth<\/em>. Per a construir la trama, Shakespeare es va basar en una hist\u00f2ria anterior de Giovanni Battista Gira, inclosa en la seva obra <em>Hecatommithi<\/em>, en la que &#8220;el moro de Ven\u00e8cia&#8221; assassina la seva dona a causa de la gelosia que provoca en ell un astut alferes.<\/p>\n\n\n\n<p>Juntament amb aquesta obra de teatre, tamb\u00e9 podreu llegir el llibre <em>Vida de Giuseppe Verdi<\/em>, autor de la m\u00fasica de l&#8217;\u00f2pera que tractem aquest mes. <em>Otel\u00b7lo<\/em> va ser la segona obra de Shakespeare que va adaptar, despr\u00e9s d&#8217;haver creat una magistral adaptaci\u00f3 de <em>Macbeth <\/em>estrenada el 1847. Verdi era un gran coneixedor de l&#8217;obra del dramaturg i, tot i que nom\u00e9s va llegir les traduccions a l&#8217;itali\u00e0, les seves obres l&#8217;apassionaven tant que la possibilitat de crear una \u00f2pera basada en <em>Otel\u00b7lo<\/em> va ser un incentiu suficient per a qu\u00e8 el compositor reprengu\u00e9s la seva carrera despr\u00e9s d&#8217;haver-se retirat. Verdi va treballar amb el llibretista Arrigo Boito per a condensar i reestructurar l&#8217;obra original, que va ser estrenada a La Scalla el 5 de febrer de 1887.<\/p>\n\n\n\n<div class=\"wp-block-image\"><figure class=\"aligncenter is-resized\"><img decoding=\"async\" src=\"http:\/\/4.bp.blogspot.com\/-O_hKNz9-1pk\/UgwEJlamGpI\/AAAAAAAAGTs\/pZis4xNldvM\/s640\/otelloux1.jpg\" alt=\"El Mirador Nocturno: Giuseppe Verdi. Otello\" width=\"136\" height=\"197\"\/><\/figure><\/div>\n\n\n\n<p class=\"has-text-align-center has-text-color has-medium-font-size\" style=\"color:#de4c4c\"><strong>Recordeu que el 24 de mar\u00e7, en Pol Aviny\u00f3 far\u00e0 una xerrada sobre l&#8217;\u00f2pera a partir de les 7 de la tarda que ser\u00e0 presencial si es mantenen les mesures actuals<\/strong><\/p>\n\n\n\n<p>Bona lectura!<\/p>\n","protected":false},"excerpt":{"rendered":"<p>El mes vinent ens tornem a afegir al projecte LiceuBib en el que el Departament de Cultura, a trav\u00e9s del Servei de Biblioteques de la Direcci\u00f3 General de Cooperaci\u00f3 Cultural, i el Gran Teatre del Liceu col\u00b7laboren per facilitar que<\/p>\n","protected":false},"author":4,"featured_media":0,"comment_status":"open","ping_status":"open","sticky":false,"template":"","format":"standard","meta":{"sfsi_plus_gutenberg_text_before_share":"","sfsi_plus_gutenberg_show_text_before_share":"","sfsi_plus_gutenberg_icon_type":"","sfsi_plus_gutenberg_icon_alignemt":"","sfsi_plus_gutenburg_max_per_row":"","footnotes":""},"categories":[9],"tags":[],"class_list":["post-175","post","type-post","status-publish","format-standard","hentry","category-lectures"],"yoast_head":"<!-- This site is optimized with the Yoast SEO plugin v27.5 - https:\/\/yoast.com\/product\/yoast-seo-wordpress\/ -->\n<title>Otel\u00b7lo, adaptaci\u00f3 de Giuseppe Verdi - Dijous de Lletres i Mots<\/title>\n<meta name=\"robots\" content=\"index, follow, max-snippet:-1, max-image-preview:large, max-video-preview:-1\" \/>\n<link rel=\"canonical\" href=\"https:\/\/biblioteca.blanes.cat\/dijousdelletresimots\/otello-adaptacio-de-giuseppe-verdi\/\" \/>\n<meta property=\"og:locale\" content=\"ca_ES\" \/>\n<meta property=\"og:type\" content=\"article\" \/>\n<meta property=\"og:title\" content=\"Otel\u00b7lo, adaptaci\u00f3 de Giuseppe Verdi - Dijous de Lletres i Mots\" \/>\n<meta property=\"og:description\" content=\"El mes vinent ens tornem a afegir al projecte LiceuBib en el que el Departament de Cultura, a trav\u00e9s del Servei de Biblioteques de la Direcci\u00f3 General de Cooperaci\u00f3 Cultural, i el Gran Teatre del Liceu col\u00b7laboren per facilitar que\" \/>\n<meta property=\"og:url\" content=\"https:\/\/biblioteca.blanes.cat\/dijousdelletresimots\/otello-adaptacio-de-giuseppe-verdi\/\" \/>\n<meta property=\"og:site_name\" content=\"Dijous de Lletres i Mots\" \/>\n<meta property=\"article:published_time\" content=\"2021-03-05T15:44:14+00:00\" \/>\n<meta property=\"article:modified_time\" content=\"2021-03-09T08:33:43+00:00\" \/>\n<meta property=\"og:image\" content=\"https:\/\/grup62cat.cdnstatics2.com\/usuaris\/libros\/fotos\/316\/m_libros\/portada_otelo_william-shakespeare_202004221938.jpg\" \/>\n<meta name=\"author\" content=\"biblioblanes\" \/>\n<meta name=\"twitter:card\" content=\"summary_large_image\" \/>\n<meta name=\"twitter:creator\" content=\"@biblioblanes\" \/>\n<meta name=\"twitter:label1\" content=\"Escrit per\" \/>\n\t<meta name=\"twitter:data1\" content=\"biblioblanes\" \/>\n\t<meta name=\"twitter:label2\" content=\"Temps estimat de lectura\" \/>\n\t<meta name=\"twitter:data2\" content=\"2 minuts\" \/>\n<script type=\"application\/ld+json\" class=\"yoast-schema-graph\">{\"@context\":\"https:\\\/\\\/schema.org\",\"@graph\":[{\"@type\":\"Article\",\"@id\":\"https:\\\/\\\/biblioteca.blanes.cat\\\/dijousdelletresimots\\\/otello-adaptacio-de-giuseppe-verdi\\\/#article\",\"isPartOf\":{\"@id\":\"https:\\\/\\\/biblioteca.blanes.cat\\\/dijousdelletresimots\\\/otello-adaptacio-de-giuseppe-verdi\\\/\"},\"author\":{\"name\":\"biblioblanes\",\"@id\":\"https:\\\/\\\/biblioteca.blanes.cat\\\/dijousdelletresimots\\\/#\\\/schema\\\/person\\\/5a7b46760d9dd611d098bbf571a341dc\"},\"headline\":\"Otel\u00b7lo, adaptaci\u00f3 de Giuseppe Verdi\",\"datePublished\":\"2021-03-05T15:44:14+00:00\",\"dateModified\":\"2021-03-09T08:33:43+00:00\",\"mainEntityOfPage\":{\"@id\":\"https:\\\/\\\/biblioteca.blanes.cat\\\/dijousdelletresimots\\\/otello-adaptacio-de-giuseppe-verdi\\\/\"},\"wordCount\":302,\"commentCount\":0,\"image\":{\"@id\":\"https:\\\/\\\/biblioteca.blanes.cat\\\/dijousdelletresimots\\\/otello-adaptacio-de-giuseppe-verdi\\\/#primaryimage\"},\"thumbnailUrl\":\"https:\\\/\\\/grup62cat.cdnstatics2.com\\\/usuaris\\\/libros\\\/fotos\\\/316\\\/m_libros\\\/portada_otelo_william-shakespeare_202004221938.jpg\",\"articleSection\":[\"Lectures\"],\"inLanguage\":\"ca\",\"potentialAction\":[{\"@type\":\"CommentAction\",\"name\":\"Comment\",\"target\":[\"https:\\\/\\\/biblioteca.blanes.cat\\\/dijousdelletresimots\\\/otello-adaptacio-de-giuseppe-verdi\\\/#respond\"]}]},{\"@type\":\"WebPage\",\"@id\":\"https:\\\/\\\/biblioteca.blanes.cat\\\/dijousdelletresimots\\\/otello-adaptacio-de-giuseppe-verdi\\\/\",\"url\":\"https:\\\/\\\/biblioteca.blanes.cat\\\/dijousdelletresimots\\\/otello-adaptacio-de-giuseppe-verdi\\\/\",\"name\":\"Otel\u00b7lo, adaptaci\u00f3 de Giuseppe Verdi - Dijous de Lletres i Mots\",\"isPartOf\":{\"@id\":\"https:\\\/\\\/biblioteca.blanes.cat\\\/dijousdelletresimots\\\/#website\"},\"primaryImageOfPage\":{\"@id\":\"https:\\\/\\\/biblioteca.blanes.cat\\\/dijousdelletresimots\\\/otello-adaptacio-de-giuseppe-verdi\\\/#primaryimage\"},\"image\":{\"@id\":\"https:\\\/\\\/biblioteca.blanes.cat\\\/dijousdelletresimots\\\/otello-adaptacio-de-giuseppe-verdi\\\/#primaryimage\"},\"thumbnailUrl\":\"https:\\\/\\\/grup62cat.cdnstatics2.com\\\/usuaris\\\/libros\\\/fotos\\\/316\\\/m_libros\\\/portada_otelo_william-shakespeare_202004221938.jpg\",\"datePublished\":\"2021-03-05T15:44:14+00:00\",\"dateModified\":\"2021-03-09T08:33:43+00:00\",\"author\":{\"@id\":\"https:\\\/\\\/biblioteca.blanes.cat\\\/dijousdelletresimots\\\/#\\\/schema\\\/person\\\/5a7b46760d9dd611d098bbf571a341dc\"},\"breadcrumb\":{\"@id\":\"https:\\\/\\\/biblioteca.blanes.cat\\\/dijousdelletresimots\\\/otello-adaptacio-de-giuseppe-verdi\\\/#breadcrumb\"},\"inLanguage\":\"ca\",\"potentialAction\":[{\"@type\":\"ReadAction\",\"target\":[\"https:\\\/\\\/biblioteca.blanes.cat\\\/dijousdelletresimots\\\/otello-adaptacio-de-giuseppe-verdi\\\/\"]}]},{\"@type\":\"ImageObject\",\"inLanguage\":\"ca\",\"@id\":\"https:\\\/\\\/biblioteca.blanes.cat\\\/dijousdelletresimots\\\/otello-adaptacio-de-giuseppe-verdi\\\/#primaryimage\",\"url\":\"https:\\\/\\\/grup62cat.cdnstatics2.com\\\/usuaris\\\/libros\\\/fotos\\\/316\\\/m_libros\\\/portada_otelo_william-shakespeare_202004221938.jpg\",\"contentUrl\":\"https:\\\/\\\/grup62cat.cdnstatics2.com\\\/usuaris\\\/libros\\\/fotos\\\/316\\\/m_libros\\\/portada_otelo_william-shakespeare_202004221938.jpg\"},{\"@type\":\"BreadcrumbList\",\"@id\":\"https:\\\/\\\/biblioteca.blanes.cat\\\/dijousdelletresimots\\\/otello-adaptacio-de-giuseppe-verdi\\\/#breadcrumb\",\"itemListElement\":[{\"@type\":\"ListItem\",\"position\":1,\"name\":\"Inici\",\"item\":\"https:\\\/\\\/biblioteca.blanes.cat\\\/dijousdelletresimots\\\/\"},{\"@type\":\"ListItem\",\"position\":2,\"name\":\"Otel\u00b7lo, adaptaci\u00f3 de Giuseppe Verdi\"}]},{\"@type\":\"WebSite\",\"@id\":\"https:\\\/\\\/biblioteca.blanes.cat\\\/dijousdelletresimots\\\/#website\",\"url\":\"https:\\\/\\\/biblioteca.blanes.cat\\\/dijousdelletresimots\\\/\",\"name\":\"Dijous de Lletres i Mots\",\"description\":\"\",\"potentialAction\":[{\"@type\":\"SearchAction\",\"target\":{\"@type\":\"EntryPoint\",\"urlTemplate\":\"https:\\\/\\\/biblioteca.blanes.cat\\\/dijousdelletresimots\\\/?s={search_term_string}\"},\"query-input\":{\"@type\":\"PropertyValueSpecification\",\"valueRequired\":true,\"valueName\":\"search_term_string\"}}],\"inLanguage\":\"ca\"},{\"@type\":\"Person\",\"@id\":\"https:\\\/\\\/biblioteca.blanes.cat\\\/dijousdelletresimots\\\/#\\\/schema\\\/person\\\/5a7b46760d9dd611d098bbf571a341dc\",\"name\":\"biblioblanes\",\"image\":{\"@type\":\"ImageObject\",\"inLanguage\":\"ca\",\"@id\":\"https:\\\/\\\/secure.gravatar.com\\\/avatar\\\/6593ca6cc90e5a70939f51c95e8315483b9c281bafba597292bee47992030f99?s=96&d=mm&r=g\",\"url\":\"https:\\\/\\\/secure.gravatar.com\\\/avatar\\\/6593ca6cc90e5a70939f51c95e8315483b9c281bafba597292bee47992030f99?s=96&d=mm&r=g\",\"contentUrl\":\"https:\\\/\\\/secure.gravatar.com\\\/avatar\\\/6593ca6cc90e5a70939f51c95e8315483b9c281bafba597292bee47992030f99?s=96&d=mm&r=g\",\"caption\":\"biblioblanes\"},\"sameAs\":[\"http:\\\/\\\/www.bibgirona.cat\\\/biblioteca\\\/blanes\",\"https:\\\/\\\/x.com\\\/biblioblanes\"],\"url\":\"https:\\\/\\\/biblioteca.blanes.cat\\\/dijousdelletresimots\\\/author\\\/biblioblanes\\\/\"}]}<\/script>\n<!-- \/ Yoast SEO plugin. -->","yoast_head_json":{"title":"Otel\u00b7lo, adaptaci\u00f3 de Giuseppe Verdi - Dijous de Lletres i Mots","robots":{"index":"index","follow":"follow","max-snippet":"max-snippet:-1","max-image-preview":"max-image-preview:large","max-video-preview":"max-video-preview:-1"},"canonical":"https:\/\/biblioteca.blanes.cat\/dijousdelletresimots\/otello-adaptacio-de-giuseppe-verdi\/","og_locale":"ca_ES","og_type":"article","og_title":"Otel\u00b7lo, adaptaci\u00f3 de Giuseppe Verdi - Dijous de Lletres i Mots","og_description":"El mes vinent ens tornem a afegir al projecte LiceuBib en el que el Departament de Cultura, a trav\u00e9s del Servei de Biblioteques de la Direcci\u00f3 General de Cooperaci\u00f3 Cultural, i el Gran Teatre del Liceu col\u00b7laboren per facilitar que","og_url":"https:\/\/biblioteca.blanes.cat\/dijousdelletresimots\/otello-adaptacio-de-giuseppe-verdi\/","og_site_name":"Dijous de Lletres i Mots","article_published_time":"2021-03-05T15:44:14+00:00","article_modified_time":"2021-03-09T08:33:43+00:00","og_image":[{"url":"https:\/\/grup62cat.cdnstatics2.com\/usuaris\/libros\/fotos\/316\/m_libros\/portada_otelo_william-shakespeare_202004221938.jpg","type":"","width":"","height":""}],"author":"biblioblanes","twitter_card":"summary_large_image","twitter_creator":"@biblioblanes","twitter_misc":{"Escrit per":"biblioblanes","Temps estimat de lectura":"2 minuts"},"schema":{"@context":"https:\/\/schema.org","@graph":[{"@type":"Article","@id":"https:\/\/biblioteca.blanes.cat\/dijousdelletresimots\/otello-adaptacio-de-giuseppe-verdi\/#article","isPartOf":{"@id":"https:\/\/biblioteca.blanes.cat\/dijousdelletresimots\/otello-adaptacio-de-giuseppe-verdi\/"},"author":{"name":"biblioblanes","@id":"https:\/\/biblioteca.blanes.cat\/dijousdelletresimots\/#\/schema\/person\/5a7b46760d9dd611d098bbf571a341dc"},"headline":"Otel\u00b7lo, adaptaci\u00f3 de Giuseppe Verdi","datePublished":"2021-03-05T15:44:14+00:00","dateModified":"2021-03-09T08:33:43+00:00","mainEntityOfPage":{"@id":"https:\/\/biblioteca.blanes.cat\/dijousdelletresimots\/otello-adaptacio-de-giuseppe-verdi\/"},"wordCount":302,"commentCount":0,"image":{"@id":"https:\/\/biblioteca.blanes.cat\/dijousdelletresimots\/otello-adaptacio-de-giuseppe-verdi\/#primaryimage"},"thumbnailUrl":"https:\/\/grup62cat.cdnstatics2.com\/usuaris\/libros\/fotos\/316\/m_libros\/portada_otelo_william-shakespeare_202004221938.jpg","articleSection":["Lectures"],"inLanguage":"ca","potentialAction":[{"@type":"CommentAction","name":"Comment","target":["https:\/\/biblioteca.blanes.cat\/dijousdelletresimots\/otello-adaptacio-de-giuseppe-verdi\/#respond"]}]},{"@type":"WebPage","@id":"https:\/\/biblioteca.blanes.cat\/dijousdelletresimots\/otello-adaptacio-de-giuseppe-verdi\/","url":"https:\/\/biblioteca.blanes.cat\/dijousdelletresimots\/otello-adaptacio-de-giuseppe-verdi\/","name":"Otel\u00b7lo, adaptaci\u00f3 de Giuseppe Verdi - Dijous de Lletres i Mots","isPartOf":{"@id":"https:\/\/biblioteca.blanes.cat\/dijousdelletresimots\/#website"},"primaryImageOfPage":{"@id":"https:\/\/biblioteca.blanes.cat\/dijousdelletresimots\/otello-adaptacio-de-giuseppe-verdi\/#primaryimage"},"image":{"@id":"https:\/\/biblioteca.blanes.cat\/dijousdelletresimots\/otello-adaptacio-de-giuseppe-verdi\/#primaryimage"},"thumbnailUrl":"https:\/\/grup62cat.cdnstatics2.com\/usuaris\/libros\/fotos\/316\/m_libros\/portada_otelo_william-shakespeare_202004221938.jpg","datePublished":"2021-03-05T15:44:14+00:00","dateModified":"2021-03-09T08:33:43+00:00","author":{"@id":"https:\/\/biblioteca.blanes.cat\/dijousdelletresimots\/#\/schema\/person\/5a7b46760d9dd611d098bbf571a341dc"},"breadcrumb":{"@id":"https:\/\/biblioteca.blanes.cat\/dijousdelletresimots\/otello-adaptacio-de-giuseppe-verdi\/#breadcrumb"},"inLanguage":"ca","potentialAction":[{"@type":"ReadAction","target":["https:\/\/biblioteca.blanes.cat\/dijousdelletresimots\/otello-adaptacio-de-giuseppe-verdi\/"]}]},{"@type":"ImageObject","inLanguage":"ca","@id":"https:\/\/biblioteca.blanes.cat\/dijousdelletresimots\/otello-adaptacio-de-giuseppe-verdi\/#primaryimage","url":"https:\/\/grup62cat.cdnstatics2.com\/usuaris\/libros\/fotos\/316\/m_libros\/portada_otelo_william-shakespeare_202004221938.jpg","contentUrl":"https:\/\/grup62cat.cdnstatics2.com\/usuaris\/libros\/fotos\/316\/m_libros\/portada_otelo_william-shakespeare_202004221938.jpg"},{"@type":"BreadcrumbList","@id":"https:\/\/biblioteca.blanes.cat\/dijousdelletresimots\/otello-adaptacio-de-giuseppe-verdi\/#breadcrumb","itemListElement":[{"@type":"ListItem","position":1,"name":"Inici","item":"https:\/\/biblioteca.blanes.cat\/dijousdelletresimots\/"},{"@type":"ListItem","position":2,"name":"Otel\u00b7lo, adaptaci\u00f3 de Giuseppe Verdi"}]},{"@type":"WebSite","@id":"https:\/\/biblioteca.blanes.cat\/dijousdelletresimots\/#website","url":"https:\/\/biblioteca.blanes.cat\/dijousdelletresimots\/","name":"Dijous de Lletres i Mots","description":"","potentialAction":[{"@type":"SearchAction","target":{"@type":"EntryPoint","urlTemplate":"https:\/\/biblioteca.blanes.cat\/dijousdelletresimots\/?s={search_term_string}"},"query-input":{"@type":"PropertyValueSpecification","valueRequired":true,"valueName":"search_term_string"}}],"inLanguage":"ca"},{"@type":"Person","@id":"https:\/\/biblioteca.blanes.cat\/dijousdelletresimots\/#\/schema\/person\/5a7b46760d9dd611d098bbf571a341dc","name":"biblioblanes","image":{"@type":"ImageObject","inLanguage":"ca","@id":"https:\/\/secure.gravatar.com\/avatar\/6593ca6cc90e5a70939f51c95e8315483b9c281bafba597292bee47992030f99?s=96&d=mm&r=g","url":"https:\/\/secure.gravatar.com\/avatar\/6593ca6cc90e5a70939f51c95e8315483b9c281bafba597292bee47992030f99?s=96&d=mm&r=g","contentUrl":"https:\/\/secure.gravatar.com\/avatar\/6593ca6cc90e5a70939f51c95e8315483b9c281bafba597292bee47992030f99?s=96&d=mm&r=g","caption":"biblioblanes"},"sameAs":["http:\/\/www.bibgirona.cat\/biblioteca\/blanes","https:\/\/x.com\/biblioblanes"],"url":"https:\/\/biblioteca.blanes.cat\/dijousdelletresimots\/author\/biblioblanes\/"}]}},"_links":{"self":[{"href":"https:\/\/biblioteca.blanes.cat\/dijousdelletresimots\/wp-json\/wp\/v2\/posts\/175","targetHints":{"allow":["GET"]}}],"collection":[{"href":"https:\/\/biblioteca.blanes.cat\/dijousdelletresimots\/wp-json\/wp\/v2\/posts"}],"about":[{"href":"https:\/\/biblioteca.blanes.cat\/dijousdelletresimots\/wp-json\/wp\/v2\/types\/post"}],"author":[{"embeddable":true,"href":"https:\/\/biblioteca.blanes.cat\/dijousdelletresimots\/wp-json\/wp\/v2\/users\/4"}],"replies":[{"embeddable":true,"href":"https:\/\/biblioteca.blanes.cat\/dijousdelletresimots\/wp-json\/wp\/v2\/comments?post=175"}],"version-history":[{"count":3,"href":"https:\/\/biblioteca.blanes.cat\/dijousdelletresimots\/wp-json\/wp\/v2\/posts\/175\/revisions"}],"predecessor-version":[{"id":182,"href":"https:\/\/biblioteca.blanes.cat\/dijousdelletresimots\/wp-json\/wp\/v2\/posts\/175\/revisions\/182"}],"wp:attachment":[{"href":"https:\/\/biblioteca.blanes.cat\/dijousdelletresimots\/wp-json\/wp\/v2\/media?parent=175"}],"wp:term":[{"taxonomy":"category","embeddable":true,"href":"https:\/\/biblioteca.blanes.cat\/dijousdelletresimots\/wp-json\/wp\/v2\/categories?post=175"},{"taxonomy":"post_tag","embeddable":true,"href":"https:\/\/biblioteca.blanes.cat\/dijousdelletresimots\/wp-json\/wp\/v2\/tags?post=175"}],"curies":[{"name":"wp","href":"https:\/\/api.w.org\/{rel}","templated":true}]}}